{"id":1077,"date":"2023-08-11T09:17:28","date_gmt":"2023-08-11T12:17:28","guid":{"rendered":"https:\/\/www.fazenda.niteroi.rj.gov.br\/blog\/?p=1077"},"modified":"2023-08-11T09:17:32","modified_gmt":"2023-08-11T12:17:32","slug":"escola-cidada-uma-aventura-fiscal","status":"publish","type":"post","link":"https:\/\/www.fazenda.niteroi.rj.gov.br\/blog\/2023\/08\/11\/escola-cidada-uma-aventura-fiscal\/","title":{"rendered":"Escola Cidad\u00e3: Uma Aventura Fiscal"},"content":{"rendered":"\n<p>Recentemente, os alunos do 4\u00b0 ano do ensino fundamental do Instituto GayLussac, embarcaram numa experi\u00eancia incr\u00edvel no mundo da educa\u00e7\u00e3o fiscal. As crian\u00e7as tiveram uma tarde pra l\u00e1 de especial na Secretaria Municipal de Fazenda de Niter\u00f3i (SMF). Sabe aquele papo chato sobre impostos? Esque\u00e7a! Com o projeto \u201cEscola Cidad\u00e3: uma aventura fiscal na SMF\u201d, aprender sobre o sistema de tributa\u00e7\u00e3o se tornou uma divers\u00e3o!<\/p>\n\n\n\n<p>Ent\u00e3o, imagina s\u00f3: crian\u00e7as explorando um mundo onde entender sobre impostos \u00e9 divertido. Assim \u00e9 o projeto que oferece uma variedade de atividades, como v\u00eddeos educativos, din\u00e2micas interativas e at\u00e9 uma \u201cvendinha\u201d montada para os pequenos sentirem o poder das notas fiscais.<\/p>\n\n\n\n<p>Mas n\u00e3o para por a\u00ed! O Secret\u00e1rio de Fazenda, Heitor Moreira, nos explicou como Niter\u00f3i est\u00e1 seguindo os passos de cidades exemplares, como <a href=\"https:\/\/portal.fazenda.sp.gov.br\/servicos\/nfp\">S\u00e3o Paulo<\/a>, <a href=\"https:\/\/nota.curitiba.pr.gov.br\/\">Curitiba<\/a> e <a href=\"https:\/\/prefeitura.pbh.gov.br\/fazenda\/bh-nota-10\">Belo Horizonte<\/a>, que j\u00e1 adotaram programas semelhantes para tornar a cidadania fiscal mais acess\u00edvel e interessante. Assim, a gente constr\u00f3i uma galera mais respons\u00e1vel, n\u00e9?<\/p>\n\n\n\n<h3 class=\"wp-block-heading\">brincando e Aprendendo<\/h3>\n\n\n\n<p>Durante a empolgante visita, a garotada participou de tr\u00eas din\u00e2micas, incluindo a simula\u00e7\u00e3o de uma elei\u00e7\u00e3o fict\u00edcia para prefeito(a) de Niter\u00f3i. As turmas se dividiram em grupos, elegeram candidatos para apresentarem suas propostas e, ap\u00f3s uma vota\u00e7\u00e3o, a crian\u00e7a eleita escolheu seus secret\u00e1rios de Planejamento, Urbanismo e Fazenda. Outra atividade foi a \u201cvendinha\u201d, que incentivou as crian\u00e7as a sempre pedirem a nota fiscal ao final das comprinhas. Ao final da brincadeira, cada um recebeu uma notinha especial com um QR Code que os direcionou para o <a href=\"https:\/\/www.nitnota.com.br\/brbsq9g03p\/index.php\">Programa NitNota Cidad\u00e3<\/a>. Quem diria que aprender sobre tributos poderia ser t\u00e3o incr\u00edvel?<\/p>\n\n\n\n<p>Ah, e n\u00e3o d\u00e1 pra esquecer da cartilha educativa que foi disponibilizada para os alunos, com o intuito de consolidar de forma l\u00fadica tudo que eles aprenderam durante a visita. Tem at\u00e9 hist\u00f3ria do <a href=\"https:\/\/www.youtube.com\/watch?v=S9q7T_tzIks&amp;t=1s\">Palacio Arariboia<\/a>, explica\u00e7\u00f5es sobre o papel da Secretaria de Fazenda, desvenda os mist\u00e9rios dos tributos, e at\u00e9 uma espiadinha na separa\u00e7\u00e3o dos tr\u00eas poderes, explora os Entes da Federa\u00e7\u00e3o e tamb\u00e9m, o Programa NitNota Cidad\u00e3.<\/p>\n\n\n\n<p>Com essa super iniciativa, Niter\u00f3i est\u00e1 mostrando um caminho promissor para o futuro. As futuras gera\u00e7\u00f5es v\u00e3o crescer entendendo a import\u00e2ncia dos impostos e como eles podem transformar positivamente para as nossas comunidades. Que demais, n\u00e9? Um verdadeiro exemplo a ser seguido. \ud83d\ude80\ud83d\udcda\ud83d\udcb0<\/p>\n\n\n\n<h3 class=\"wp-block-heading\">Confira alguns registros da aventura!<\/h3>\n\n\n\n<figure class=\"wp-block-gallery has-nested-images columns-default is-cropped wp-block-gallery-1 is-layout-flex wp-block-gallery-is-layout-flex\">\n<figure class=\"wp-block-image size-large\"><img loading=\"lazy\" decoding=\"async\" width=\"1024\" height=\"683\" data-id=\"1086\" src=\"https:\/\/www.fazenda.niteroi.rj.gov.br\/blog\/wp-content\/uploads\/2023\/08\/Foto-2-escola-cidada-1024x683.jpeg\" alt=\"\" class=\"wp-image-1086\" srcset=\"https:\/\/www.fazenda.niteroi.rj.gov.br\/blog\/wp-content\/uploads\/2023\/08\/Foto-2-escola-cidada-1024x683.jpeg 1024w, https:\/\/www.fazenda.niteroi.rj.gov.br\/blog\/wp-content\/uploads\/2023\/08\/Foto-2-escola-cidada-300x200.jpeg 300w, https:\/\/www.fazenda.niteroi.rj.gov.br\/blog\/wp-content\/uploads\/2023\/08\/Foto-2-escola-cidada-768x512.jpeg 768w, https:\/\/www.fazenda.niteroi.rj.gov.br\/blog\/wp-content\/uploads\/2023\/08\/Foto-2-escola-cidada-1536x1024.jpeg 1536w, https:\/\/www.fazenda.niteroi.rj.gov.br\/blog\/wp-content\/uploads\/2023\/08\/Foto-2-escola-cidada-2048x1365.jpeg 2048w\" sizes=\"auto, (max-width: 1024px) 100vw, 1024px\" \/><\/figure>\n\n\n\n<figure class=\"wp-block-image size-large\"><img loading=\"lazy\" decoding=\"async\" width=\"1024\" height=\"682\" data-id=\"1081\" src=\"https:\/\/www.fazenda.niteroi.rj.gov.br\/blog\/wp-content\/uploads\/2023\/08\/Foto-3-escola-cidada-1024x682.jpeg\" alt=\"\" class=\"wp-image-1081\" srcset=\"https:\/\/www.fazenda.niteroi.rj.gov.br\/blog\/wp-content\/uploads\/2023\/08\/Foto-3-escola-cidada-1024x682.jpeg 1024w, https:\/\/www.fazenda.niteroi.rj.gov.br\/blog\/wp-content\/uploads\/2023\/08\/Foto-3-escola-cidada-300x200.jpeg 300w, https:\/\/www.fazenda.niteroi.rj.gov.br\/blog\/wp-content\/uploads\/2023\/08\/Foto-3-escola-cidada-768x512.jpeg 768w, https:\/\/www.fazenda.niteroi.rj.gov.br\/blog\/wp-content\/uploads\/2023\/08\/Foto-3-escola-cidada-1536x1023.jpeg 1536w, https:\/\/www.fazenda.niteroi.rj.gov.br\/blog\/wp-content\/uploads\/2023\/08\/Foto-3-escola-cidada.jpeg 1600w\" sizes=\"auto, (max-width: 1024px) 100vw, 1024px\" \/><\/figure>\n\n\n\n<figure class=\"wp-block-image size-large\"><img loading=\"lazy\" decoding=\"async\" width=\"544\" height=\"1024\" data-id=\"1083\" src=\"https:\/\/www.fazenda.niteroi.rj.gov.br\/blog\/wp-content\/uploads\/2023\/08\/Foto-4-escola-cidada-544x1024.jpeg\" alt=\"\" class=\"wp-image-1083\" srcset=\"https:\/\/www.fazenda.niteroi.rj.gov.br\/blog\/wp-content\/uploads\/2023\/08\/Foto-4-escola-cidada-544x1024.jpeg 544w, https:\/\/www.fazenda.niteroi.rj.gov.br\/blog\/wp-content\/uploads\/2023\/08\/Foto-4-escola-cidada-159x300.jpeg 159w, https:\/\/www.fazenda.niteroi.rj.gov.br\/blog\/wp-content\/uploads\/2023\/08\/Foto-4-escola-cidada.jpeg 734w\" sizes=\"auto, (max-width: 544px) 100vw, 544px\" \/><\/figure>\n\n\n\n<figure class=\"wp-block-image size-large\"><img loading=\"lazy\" decoding=\"async\" width=\"1024\" height=\"768\" data-id=\"1084\" src=\"https:\/\/www.fazenda.niteroi.rj.gov.br\/blog\/wp-content\/uploads\/2023\/08\/Foto-5-escola-cidada-1024x768.jpeg\" alt=\"\" class=\"wp-image-1084\" srcset=\"https:\/\/www.fazenda.niteroi.rj.gov.br\/blog\/wp-content\/uploads\/2023\/08\/Foto-5-escola-cidada-1024x768.jpeg 1024w, https:\/\/www.fazenda.niteroi.rj.gov.br\/blog\/wp-content\/uploads\/2023\/08\/Foto-5-escola-cidada-300x225.jpeg 300w, https:\/\/www.fazenda.niteroi.rj.gov.br\/blog\/wp-content\/uploads\/2023\/08\/Foto-5-escola-cidada-768x576.jpeg 768w, https:\/\/www.fazenda.niteroi.rj.gov.br\/blog\/wp-content\/uploads\/2023\/08\/Foto-5-escola-cidada-1536x1152.jpeg 1536w, https:\/\/www.fazenda.niteroi.rj.gov.br\/blog\/wp-content\/uploads\/2023\/08\/Foto-5-escola-cidada.jpeg 1600w\" sizes=\"auto, (max-width: 1024px) 100vw, 1024px\" \/><\/figure>\n\n\n\n<figure class=\"wp-block-image size-large\"><img loading=\"lazy\" decoding=\"async\" width=\"1024\" height=\"682\" data-id=\"1085\" src=\"https:\/\/www.fazenda.niteroi.rj.gov.br\/blog\/wp-content\/uploads\/2023\/08\/Foto-6-escola-cidada-1024x682.jpeg\" alt=\"\" class=\"wp-image-1085\" srcset=\"https:\/\/www.fazenda.niteroi.rj.gov.br\/blog\/wp-content\/uploads\/2023\/08\/Foto-6-escola-cidada-1024x682.jpeg 1024w, https:\/\/www.fazenda.niteroi.rj.gov.br\/blog\/wp-content\/uploads\/2023\/08\/Foto-6-escola-cidada-300x200.jpeg 300w, https:\/\/www.fazenda.niteroi.rj.gov.br\/blog\/wp-content\/uploads\/2023\/08\/Foto-6-escola-cidada-768x512.jpeg 768w, https:\/\/www.fazenda.niteroi.rj.gov.br\/blog\/wp-content\/uploads\/2023\/08\/Foto-6-escola-cidada-1536x1023.jpeg 1536w, https:\/\/www.fazenda.niteroi.rj.gov.br\/blog\/wp-content\/uploads\/2023\/08\/Foto-6-escola-cidada.jpeg 1600w\" sizes=\"auto, (max-width: 1024px) 100vw, 1024px\" \/><\/figure>\n\n\n\n<figure class=\"wp-block-image size-large\"><img loading=\"lazy\" decoding=\"async\" width=\"1024\" height=\"682\" data-id=\"1082\" src=\"https:\/\/www.fazenda.niteroi.rj.gov.br\/blog\/wp-content\/uploads\/2023\/08\/Foto-7-escola-cidada-1024x682.jpeg\" alt=\"\" class=\"wp-image-1082\" srcset=\"https:\/\/www.fazenda.niteroi.rj.gov.br\/blog\/wp-content\/uploads\/2023\/08\/Foto-7-escola-cidada-1024x682.jpeg 1024w, https:\/\/www.fazenda.niteroi.rj.gov.br\/blog\/wp-content\/uploads\/2023\/08\/Foto-7-escola-cidada-300x200.jpeg 300w, https:\/\/www.fazenda.niteroi.rj.gov.br\/blog\/wp-content\/uploads\/2023\/08\/Foto-7-escola-cidada-768x512.jpeg 768w, https:\/\/www.fazenda.niteroi.rj.gov.br\/blog\/wp-content\/uploads\/2023\/08\/Foto-7-escola-cidada-1536x1023.jpeg 1536w, https:\/\/www.fazenda.niteroi.rj.gov.br\/blog\/wp-content\/uploads\/2023\/08\/Foto-7-escola-cidada.jpeg 1600w\" sizes=\"auto, (max-width: 1024px) 100vw, 1024px\" \/><\/figure>\n\n\n\n<figure class=\"wp-block-image size-large\"><img loading=\"lazy\" decoding=\"async\" width=\"1024\" height=\"683\" data-id=\"1089\" src=\"https:\/\/www.fazenda.niteroi.rj.gov.br\/blog\/wp-content\/uploads\/2023\/08\/Foto-10-escola-cidada-1024x683.jpeg\" alt=\"\" class=\"wp-image-1089\" srcset=\"https:\/\/www.fazenda.niteroi.rj.gov.br\/blog\/wp-content\/uploads\/2023\/08\/Foto-10-escola-cidada-1024x683.jpeg 1024w, https:\/\/www.fazenda.niteroi.rj.gov.br\/blog\/wp-content\/uploads\/2023\/08\/Foto-10-escola-cidada-300x200.jpeg 300w, https:\/\/www.fazenda.niteroi.rj.gov.br\/blog\/wp-content\/uploads\/2023\/08\/Foto-10-escola-cidada-768x512.jpeg 768w, https:\/\/www.fazenda.niteroi.rj.gov.br\/blog\/wp-content\/uploads\/2023\/08\/Foto-10-escola-cidada-1536x1024.jpeg 1536w, https:\/\/www.fazenda.niteroi.rj.gov.br\/blog\/wp-content\/uploads\/2023\/08\/Foto-10-escola-cidada-2048x1365.jpeg 2048w\" sizes=\"auto, (max-width: 1024px) 100vw, 1024px\" \/><\/figure>\n\n\n\n<figure class=\"wp-block-image size-large\"><img loading=\"lazy\" decoding=\"async\" width=\"1024\" height=\"768\" data-id=\"1088\" src=\"https:\/\/www.fazenda.niteroi.rj.gov.br\/blog\/wp-content\/uploads\/2023\/08\/Foto-9-escola-cidada-1024x768.jpeg\" alt=\"\" class=\"wp-image-1088\" srcset=\"https:\/\/www.fazenda.niteroi.rj.gov.br\/blog\/wp-content\/uploads\/2023\/08\/Foto-9-escola-cidada-1024x768.jpeg 1024w, https:\/\/www.fazenda.niteroi.rj.gov.br\/blog\/wp-content\/uploads\/2023\/08\/Foto-9-escola-cidada-300x225.jpeg 300w, https:\/\/www.fazenda.niteroi.rj.gov.br\/blog\/wp-content\/uploads\/2023\/08\/Foto-9-escola-cidada-768x576.jpeg 768w, https:\/\/www.fazenda.niteroi.rj.gov.br\/blog\/wp-content\/uploads\/2023\/08\/Foto-9-escola-cidada-1536x1152.jpeg 1536w, https:\/\/www.fazenda.niteroi.rj.gov.br\/blog\/wp-content\/uploads\/2023\/08\/Foto-9-escola-cidada.jpeg 1600w\" sizes=\"auto, (max-width: 1024px) 100vw, 1024px\" \/><\/figure>\n\n\n\n<figure class=\"wp-block-image size-large\"><img loading=\"lazy\" decoding=\"async\" width=\"1024\" height=\"682\" data-id=\"1087\" src=\"https:\/\/www.fazenda.niteroi.rj.gov.br\/blog\/wp-content\/uploads\/2023\/08\/Foto-8-escola-cidada-1024x682.jpeg\" alt=\"\" class=\"wp-image-1087\" srcset=\"https:\/\/www.fazenda.niteroi.rj.gov.br\/blog\/wp-content\/uploads\/2023\/08\/Foto-8-escola-cidada-1024x682.jpeg 1024w, https:\/\/www.fazenda.niteroi.rj.gov.br\/blog\/wp-content\/uploads\/2023\/08\/Foto-8-escola-cidada-300x200.jpeg 300w, https:\/\/www.fazenda.niteroi.rj.gov.br\/blog\/wp-content\/uploads\/2023\/08\/Foto-8-escola-cidada-768x512.jpeg 768w, https:\/\/www.fazenda.niteroi.rj.gov.br\/blog\/wp-content\/uploads\/2023\/08\/Foto-8-escola-cidada-1536x1023.jpeg 1536w, https:\/\/www.fazenda.niteroi.rj.gov.br\/blog\/wp-content\/uploads\/2023\/08\/Foto-8-escola-cidada.jpeg 1600w\" sizes=\"auto, (max-width: 1024px) 100vw, 1024px\" \/><\/figure>\n<\/figure>\n","protected":false},"excerpt":{"rendered":"<p>Sabe aquele papo chato sobre impostos? Esque\u00e7a! Com o projeto \u201cEscola Cidad\u00e3: uma aventura fiscal na SMF\u201d, aprender sobre o sistema de tributa\u00e7\u00e3o se tornou uma divers\u00e3o!<\/p>\n","protected":false},"author":28,"featured_media":1080,"comment_status":"closed","ping_status":"open","sticky":false,"template":"","format":"standard","meta":{"footnotes":""},"categories":[1,8,7],"tags":[62,59,58,61,60],"class_list":["post-1077","post","type-post","status-publish","format-standard","has-post-thumbnail","hentry","category-boas-praticas","category-financas-publicas","category-participacao-social","tag-criancas","tag-educacao-fiscal","tag-escola-cidada","tag-escolas-de-niteroi","tag-impostos"],"_links":{"self":[{"href":"https:\/\/www.fazenda.niteroi.rj.gov.br\/blog\/wp-json\/wp\/v2\/posts\/1077","targetHints":{"allow":["GET"]}}],"collection":[{"href":"https:\/\/www.fazenda.niteroi.rj.gov.br\/blog\/wp-json\/wp\/v2\/posts"}],"about":[{"href":"https:\/\/www.fazenda.niteroi.rj.gov.br\/blog\/wp-json\/wp\/v2\/types\/post"}],"author":[{"embeddable":true,"href":"https:\/\/www.fazenda.niteroi.rj.gov.br\/blog\/wp-json\/wp\/v2\/users\/28"}],"replies":[{"embeddable":true,"href":"https:\/\/www.fazenda.niteroi.rj.gov.br\/blog\/wp-json\/wp\/v2\/comments?post=1077"}],"version-history":[{"count":1,"href":"https:\/\/www.fazenda.niteroi.rj.gov.br\/blog\/wp-json\/wp\/v2\/posts\/1077\/revisions"}],"predecessor-version":[{"id":1090,"href":"https:\/\/www.fazenda.niteroi.rj.gov.br\/blog\/wp-json\/wp\/v2\/posts\/1077\/revisions\/1090"}],"wp:featuredmedia":[{"embeddable":true,"href":"https:\/\/www.fazenda.niteroi.rj.gov.br\/blog\/wp-json\/wp\/v2\/media\/1080"}],"wp:attachment":[{"href":"https:\/\/www.fazenda.niteroi.rj.gov.br\/blog\/wp-json\/wp\/v2\/media?parent=1077"}],"wp:term":[{"taxonomy":"category","embeddable":true,"href":"https:\/\/www.fazenda.niteroi.rj.gov.br\/blog\/wp-json\/wp\/v2\/categories?post=1077"},{"taxonomy":"post_tag","embeddable":true,"href":"https:\/\/www.fazenda.niteroi.rj.gov.br\/blog\/wp-json\/wp\/v2\/tags?post=1077"}],"curies":[{"name":"wp","href":"https:\/\/api.w.org\/{rel}","templated":true}]}}