{"id":688,"date":"2022-02-03T14:25:53","date_gmt":"2022-02-03T17:25:53","guid":{"rendered":"https:\/\/www.fazenda.niteroi.rj.gov.br\/blog\/?p=688"},"modified":"2023-07-28T15:05:48","modified_gmt":"2023-07-28T18:05:48","slug":"a-melhor-forma-de-prever-o-futuro","status":"publish","type":"post","link":"https:\/\/www.fazenda.niteroi.rj.gov.br\/blog\/2022\/02\/03\/a-melhor-forma-de-prever-o-futuro\/","title":{"rendered":"A melhor forma de prever o futuro"},"content":{"rendered":"\n<p>Em 2013, Niter\u00f3i fez uma aposta diferente. Com a vis\u00e3o de futuro \u201cNiter\u00f3i a melhor cidade para se viver e ser feliz\u201d, demos um passo importante: romper com o improviso e estabelecer um plano de longo prazo para os pr\u00f3ximos vinte anos. Ali, no Plano <em>\u201cNiter\u00f3i que Queremos\u201d,<\/em> foram projetados a Transoce\u00e2nica, a reforma e reabertura da Emerg\u00eancia Pedi\u00e1trica do Getulinho, o Centro Integrado de Seguran\u00e7a P\u00fablica (CISP) e o Biciclet\u00e1rio Arariboia. Realizamos tudo isso. Materializamos projetos porque havia clareza de onde quer\u00edamos chegar. Garantimos estruturas como um N\u00facleo de Gest\u00e3o Estrat\u00e9gica (NGE) para acompanhar metas estrat\u00e9gicas vinculado ao Gabinete do Prefeito Rodrigo Neves e uma Secretaria de Planejamento (SEPLAG) para formular, monitorar e integrar planos e metas de longo, m\u00e9dio e curto prazo.&nbsp;<\/p>\n\n\n\n<p>O desenvolvimento da administra\u00e7\u00e3o p\u00fablica municipal se deu a partir desse cond\u00e3o e atualmente a cultura do planejamento \u00e9 a base do trabalho de todas as secretarias da administra\u00e7\u00e3o p\u00fablica municipal. O Prefeito Axel Grael assumiu o bast\u00e3o com o compromisso de n\u00e3o apenas dar continuidade a esse trabalho, mas de aprimorar ainda mais a gest\u00e3o orientada a resultados com o estabelecimento de metas e indicadores de desempenho.<\/p>\n\n\n\n<h3 class=\"wp-block-heading\" id=\"planejamento-na-secretaria-de-fazenda\">planejamento na secretaria de fazenda<\/h3>\n\n\n\n<p>Assim, no in\u00edcio de 2021 estabelecemos o Plano de 100 dias e em seguida um Plano de Metas Anual. Em sintonia com tais instrumentos de planejamento, a Secretaria de Fazenda construiu o seu planejamento institucional para estabelecer prioridades para os pr\u00f3ximos 4 anos. Participaram dessa constru\u00e7\u00e3o n\u00e3o apenas os nossos servidores, como tamb\u00e9m mais de 500 cidad\u00e3os que responderam a uma consulta on-line para definir as nossas prioridades.&nbsp;<\/p>\n\n\n\n<p>A partir das contribui\u00e7\u00f5es, elaboramos um Mapa Estrat\u00e9gico com a miss\u00e3o de \u201cPromover a gest\u00e3o tribut\u00e1ria, financeira e cont\u00e1bil, a fim de viabilizar a implementa\u00e7\u00e3o de pol\u00edticas p\u00fablicas com responsabilidade fiscal no munic\u00edpio de Niter\u00f3i\u201d. Definimos tamb\u00e9m 27 metas desafiadoras a serem cumpridas at\u00e9 o final de 2024 e uma carteira de 42 projetos, subdivididos em 5 \u00e1reas de resultado: Arrecada\u00e7\u00e3o Eficiente; Gest\u00e3o Fiscal; Moderniza\u00e7\u00e3o dos Servi\u00e7os com Foco no Cidad\u00e3o; Desenvolvimento Institucional; e Informa\u00e7\u00e3o Qualificada e Transparente.&nbsp;<\/p>\n\n\n\n<h3 class=\"wp-block-heading\" id=\"balanco-dos-resultados\">Balan\u00e7o dos resultados<\/h3>\n\n\n\n<p>Agora, quando fazemos o balan\u00e7o do que realizamos, vemos que temos muito a comemorar: 90% dos projetos planejados pela Fazenda foram cumpridos. Isso num ano permeado por desafios, com desemprego recorde e com infla\u00e7\u00e3o na casa de dois d\u00edgitos como reflexos da pandemia da COVID-19, que exigiram de toda a equipe do governo a coordena\u00e7\u00e3o de esfor\u00e7os para prover bens e servi\u00e7os \u00e0 popula\u00e7\u00e3o e aos setores econ\u00f4micos mais afetados. Em 2021, a Fazenda deu continuidade aos programas de aux\u00edlio \u00e0s empresas e aos trabalhadores, como o Empresa Cidad\u00e3 e o Supera Mais. Por meio do Empresa Cidad\u00e3, vigente entre mar\u00e7o de 2020 e julho de 2021, foram preservados mais de 14 mil postos de trabalho por meio do pagamento de um sal\u00e1rio m\u00ednimo. Como contrapartida, as empresas comprometeram-se a n\u00e3o reduzir os seus postos de trabalho. J\u00e1 o Supera Mais concedeu R$19,6 milh\u00f5es em empr\u00e9stimos a juros zero para micro e pequenas empresas para capital de giro.&nbsp;<\/p>\n\n\n\n<p id=\"modernizacao\"><strong>Moderniza\u00e7\u00e3o<\/strong><\/p>\n\n\n\n<p>A Fazenda tamb\u00e9m deu um grande foco na moderniza\u00e7\u00e3o do atendimento ao cidad\u00e3o. Entregamos \u00e0 popula\u00e7\u00e3o uma Central de Atendimento completamente reformulada, cuja nota de satisfa\u00e7\u00e3o m\u00e9dia este ano foi de 4,93 de um total de 5; a digitaliza\u00e7\u00e3o ponta a ponta de 5 servi\u00e7os; uma atendente virtual chamada Zefa; e totens de autoatendimento. Conclu\u00edmos o ano com mais de 49 mil atendimentos presenciais realizados e 16 mil acessos aos servi\u00e7os da Fazenda no Portal de Servi\u00e7os da Prefeitura.<\/p>\n\n\n\n<p id=\"leis-aprovadas\"><strong>Leis Aprovadas<\/strong><\/p>\n\n\n\n<p>Apresentamos \u00e0 C\u00e2mara de Vereadores projetos de lei importantes para promover um fisco mais eficiente. Por meio das leis aprovadas, abre-se a possibilidade de promover a autorregulariza\u00e7\u00e3o de grandes contribuintes a partir da notifica\u00e7\u00e3o de inconsist\u00eancias na declara\u00e7\u00e3o dos tributos que porventura forem identificadas; a institui\u00e7\u00e3o do Domic\u00edlio Tribut\u00e1rio Eletr\u00f4nico para comunica\u00e7\u00e3o digital com os contribuintes; e a facilita\u00e7\u00e3o de parcelamento de d\u00e9bitos em aberto do IPTU em fase de cobran\u00e7a administrativa.&nbsp;<\/p>\n\n\n\n<p id=\"arrecadacao\"><strong>Arrecada\u00e7\u00e3o<\/strong><\/p>\n\n\n\n<p>O balan\u00e7o da arrecada\u00e7\u00e3o, mesmo num ano desafiador, tamb\u00e9m foi positivo: chegamos a marca in\u00e9dita de R$1 bilh\u00e3o de receitas tribut\u00e1rias pr\u00f3prias (IPTU, ISS, ITBI e taxas). Os juros mais baixos durante boa parte do ano contribu\u00edram para mais transa\u00e7\u00f5es imobili\u00e1rias, repercutindo positivamente na arrecada\u00e7\u00e3o do ITBI que fechou o ano com R$90 milh\u00f5es \u2013 um crescimento real de 39%. J\u00e1 o ISS enfrentou queda nos meses mais agudos da pandemia, mas nossa economia deu sinais de recupera\u00e7\u00e3o e fechamos em dezembro com a arrecada\u00e7\u00e3o da ordem de R$363 milh\u00f5es, um crescimento real de 18%. O IPTU teve um crescimento mais t\u00edmido, da ordem de 0,3%, mas conseguimos fechar o ano com um patamar de mais de R$460 milh\u00f5es.<\/p>\n\n\n\n<p id=\"sustentabilidade-fiscal\"><strong>Sustentabilidade Fiscal<\/strong><\/p>\n\n\n\n<p>O ano de 2021 tamb\u00e9m contou com outros marcos importantes para fortalecer a sustentabilidade fiscal do munic\u00edpio. Criamos o Conselho Gestor e o Comit\u00ea de Investimentos para estabelecer a governan\u00e7a das aplica\u00e7\u00f5es financeiras do Fundo de Equaliza\u00e7\u00e3o da Receita (nossa Poupan\u00e7a dos Royalties), que encerrou o ano com R$450 milh\u00f5es. Criamos ainda um Comit\u00ea de Riscos Fiscais para gerenciar passivos contingentes que possam representar riscos \u00e0s contas do munic\u00edpio.&nbsp;<\/p>\n\n\n\n<p id=\"desenvolvimento-institucional\"><strong>Desenvolvimento institucional<\/strong><\/p>\n\n\n\n<p>Outras entregas como o Plano de Integridade, o Plano de Valoriza\u00e7\u00e3o do Servidor Fazend\u00e1rio e o Plano de Capacita\u00e7\u00e3o refletiram o compromisso com o planejamento de a\u00e7\u00f5es para o desenvolvimento institucional da Secretaria. Iniciativas como a coordena\u00e7\u00e3o do Pacto de Retomada Econ\u00f4mica e os Boletins de Movimento Econ\u00f4mico, por sua vez, ratificaram o nosso compromisso de construir junto, dialogando com a iniciativa privada e com a popula\u00e7\u00e3o sobre o desenvolvimento da cidade.<\/p>\n\n\n\n<h3 class=\"wp-block-heading\" id=\"bons-resultados\">Bons resultados<\/h3>\n\n\n\n<p>O balan\u00e7o do ano de 2021 tamb\u00e9m contou com reconhecimentos importantes, como a perman\u00eancia de Niter\u00f3i como primeiro lugar em <a href=\"http:\/\/www.niteroi.rj.gov.br\/2021\/10\/21\/niteroi-tem-mais-uma-vez-a-melhor-gestao-de-financas-do-estado-de-acordo-com-o-indice-da-federacao-das-industrias-do-estado-do-rio-de-janeiro-firjan\/#:~:text=O%20%C3%8Dndice%20Firjan%20de%20Gest%C3%A3o,topo%20do%20ranking%20no%20Rio.\" target=\"_blank\" rel=\"noreferrer noopener\">gest\u00e3o fiscal pelo \u00cdndice Firjan<\/a>, o primeiro lugar no <a href=\"http:\/\/www.niteroi.rj.gov.br\/2021\/11\/25\/niteroi-e-a-cidade-mais-competitiva-do-estado-do-rio\/\" target=\"_blank\" rel=\"noreferrer noopener\">Ranking de Competitividade dos Munic\u00edpios<\/a> pelo Centro de Lideran\u00e7a P\u00fablica (CLP) e a <a href=\"https:\/\/www.fazenda.niteroi.rj.gov.br\/site\/tce-rj-aprova-contas-da-prefeitura-de-niteroi\/\" target=\"_blank\" rel=\"noreferrer noopener\">aprova\u00e7\u00e3o un\u00e2nime das contas de governo<\/a> do Prefeito Rodrigo Neves.<\/p>\n\n\n\n<p>Terminamos o ano com a sensa\u00e7\u00e3o de dever cumprido e motivados para mais realiza\u00e7\u00f5es em 2022. Reafirmamos o compromisso com um plano que aponte para o futuro, mas tamb\u00e9m a predisposi\u00e7\u00e3o para lidar com circunst\u00e2ncias imprevistas. Isso significa que os planejamentos podem ser adaptados de acordo com situa\u00e7\u00f5es improv\u00e1veis, mas jamais negligenciados se queremos dar saltos de desenvolvimento na organiza\u00e7\u00e3o. Afinal, como bem cunhado por Peter Drucker: \u201cA melhor maneira de prever o futuro \u00e9 cri\u00e1-lo\u201d.&nbsp;<\/p>\n\n\n\n<hr class=\"wp-block-separator\"\/>\n\n\n\n<p>O Relat\u00f3rio Institucional da Fazenda com o detalhamento de nossas realiza\u00e7\u00f5es pode ser acessado em nosso site:<a href=\"https:\/\/www.fazenda.niteroi.rj.gov.br\/site\/wp-content\/uploads\/2022\/01\/Relatorio-de-Atividades-2021-SMF.pdf\"> https:\/\/www.fazenda.niteroi.rj.gov.br<\/a><\/p>\n","protected":false},"excerpt":{"rendered":"<p>Em 2013, Niter\u00f3i fez uma aposta diferente. Com a vis\u00e3o de futuro \u201cNiter\u00f3i a melhor cidade para se viver e ser feliz\u201d, demos um passo importante: romper com o improviso e estabelecer um plano de longo prazo para os pr\u00f3ximos vinte anos. Ali, no Plano \u201cNiter\u00f3i que Queremos\u201d, foram projetados a Transoce\u00e2nica, a reforma e &hellip;<\/p>\n<p class=\"read-more\"> <a class=\"\" href=\"https:\/\/www.fazenda.niteroi.rj.gov.br\/blog\/2022\/02\/03\/a-melhor-forma-de-prever-o-futuro\/\"> <span class=\"screen-reader-text\">A melhor forma de prever o futuro<\/span> Leia mais &raquo;<\/a><\/p>\n","protected":false},"author":11,"featured_media":690,"comment_status":"closed","ping_status":"open","sticky":false,"template":"","format":"standard","meta":{"footnotes":""},"categories":[1],"tags":[41,36],"class_list":["post-688","post","type-post","status-publish","format-standard","has-post-thumbnail","hentry","category-boas-praticas","tag-politicas-publicas","tag-retomada-da-economia"],"_links":{"self":[{"href":"https:\/\/www.fazenda.niteroi.rj.gov.br\/blog\/wp-json\/wp\/v2\/posts\/688","targetHints":{"allow":["GET"]}}],"collection":[{"href":"https:\/\/www.fazenda.niteroi.rj.gov.br\/blog\/wp-json\/wp\/v2\/posts"}],"about":[{"href":"https:\/\/www.fazenda.niteroi.rj.gov.br\/blog\/wp-json\/wp\/v2\/types\/post"}],"author":[{"embeddable":true,"href":"https:\/\/www.fazenda.niteroi.rj.gov.br\/blog\/wp-json\/wp\/v2\/users\/11"}],"replies":[{"embeddable":true,"href":"https:\/\/www.fazenda.niteroi.rj.gov.br\/blog\/wp-json\/wp\/v2\/comments?post=688"}],"version-history":[{"count":9,"href":"https:\/\/www.fazenda.niteroi.rj.gov.br\/blog\/wp-json\/wp\/v2\/posts\/688\/revisions"}],"predecessor-version":[{"id":705,"href":"https:\/\/www.fazenda.niteroi.rj.gov.br\/blog\/wp-json\/wp\/v2\/posts\/688\/revisions\/705"}],"wp:featuredmedia":[{"embeddable":true,"href":"https:\/\/www.fazenda.niteroi.rj.gov.br\/blog\/wp-json\/wp\/v2\/media\/690"}],"wp:attachment":[{"href":"https:\/\/www.fazenda.niteroi.rj.gov.br\/blog\/wp-json\/wp\/v2\/media?parent=688"}],"wp:term":[{"taxonomy":"category","embeddable":true,"href":"https:\/\/www.fazenda.niteroi.rj.gov.br\/blog\/wp-json\/wp\/v2\/categories?post=688"},{"taxonomy":"post_tag","embeddable":true,"href":"https:\/\/www.fazenda.niteroi.rj.gov.br\/blog\/wp-json\/wp\/v2\/tags?post=688"}],"curies":[{"name":"wp","href":"https:\/\/api.w.org\/{rel}","templated":true}]}}