{"id":929,"date":"2022-09-26T12:31:25","date_gmt":"2022-09-26T15:31:25","guid":{"rendered":"https:\/\/www.fazenda.niteroi.rj.gov.br\/blog\/?p=929"},"modified":"2023-07-28T15:04:46","modified_gmt":"2023-07-28T18:04:46","slug":"fazenda-digital-para-o-cidadao","status":"publish","type":"post","link":"https:\/\/www.fazenda.niteroi.rj.gov.br\/blog\/2022\/09\/26\/fazenda-digital-para-o-cidadao\/","title":{"rendered":"Fazenda digital para o cidad\u00e3o"},"content":{"rendered":"\n<p>Havia uma m\u00e1xima na Secretaria de Fazenda de Niter\u00f3i de que janeiro era o m\u00eas de fila no atendimento. Isso foi o que ouvi pouco antes de assumir a pasta, em dezembro de 2020. Come\u00e7\u00e1vamos a pensar as mudan\u00e7as e novidades na gest\u00e3o e j\u00e1 era sabido que o in\u00edcio do ano era agitado tanto para contribuintes quanto para servidores. O motivo era claro: o vencimento da cota \u00fanica fazia com que muitos cidad\u00e3os corressem ao \u00f3rg\u00e3o em busca da 2\u00aa via. Da\u00ed as filas e o atendimento presencial sobrecarregado.<\/p>\n\n\n\n<p>Apesar da especificidade de janeiro, o restante do ano n\u00e3o ficava t\u00e3o atr\u00e1s no atendimento ao p\u00fablico. Conforme descobrimos quando da elabora\u00e7\u00e3o da Carta de Servi\u00e7os, a Fazenda \u00e9 o \u00f3rg\u00e3o municipal que mais presta servi\u00e7os \u00e0 popula\u00e7\u00e3o. S\u00e3o cerca de cinquenta catalogados, que v\u00e3o desde a emiss\u00e3o da 2\u00aa via de IPTU \u00e0 consulta tribut\u00e1ria. Isso acarretava uma alta demanda na nossa Central de Atendimento que, em 2019, realizou mais de 174 mil atendimentos presenciais.<\/p>\n\n\n\n<p><strong>\u201cComo melhorar a presta\u00e7\u00e3o de servi\u00e7o da Prefeitura?\u201d <\/strong>era uma das principais agendas do governo do prefeito Axel Grael em 2021. Hav\u00edamos avan\u00e7ado muito na melhoria da gest\u00e3o, dos sistemas e das estruturas. Isso era not\u00f3rio para quem estava dentro da m\u00e1quina p\u00fablica. Mas era preciso avan\u00e7ar para fora. Era preciso que essas melhorias chegassem ao cidad\u00e3o e que ele sentisse cada vez mais um governo atuando para ele, que tornasse seus pedidos mais \u00e1geis e simples de serem respondidos. E isso foi feito com o Governo Digital.<\/p>\n\n\n\n<p>A pauta de governo digital n\u00e3o \u00e9 nova. J\u00e1 existem marcos legais em n\u00edvel federal que a balizam e instruem. Mesmo em Niter\u00f3i, j\u00e1 hav\u00edamos tido boas experi\u00eancias com o <a href=\"https:\/\/portais.niteroi.rj.gov.br\/portal-da-transparencia\/#\/\" target=\"_blank\" rel=\"noreferrer noopener\">Portal de Transpar\u00eancia <\/a>e com o <a href=\"http:\/\/observa.niteroi.rj.gov.br\/\" target=\"_blank\" rel=\"noreferrer noopener\">ObservaNit<\/a>, instrumentos de transpar\u00eancia e avalia\u00e7\u00e3o de pol\u00edticas p\u00fablicas que foram bem recebidos pela sociedade civil. A pr\u00f3pria emiss\u00e3o da guia de IPTU era um servi\u00e7o que podia ser feito on-line no site da Fazenda, facilitando o acesso dos cidad\u00e3os a um dos nossos servi\u00e7os mais procurados.<\/p>\n\n\n\n<h3 class=\"wp-block-heading\">Carta de Servi\u00e7os<\/h3>\n\n\n\n<p>Mas essas iniciativas careciam de uma estrat\u00e9gia centralizada, o que aconteceu em 2021 sob a lideran\u00e7a da Secretaria de Planejamento, Or\u00e7amento e Moderniza\u00e7\u00e3o da Gest\u00e3o (SEPLAG). Com o mote de \u201cfoco no cidad\u00e3o\u201d, foi editada a Carta de Servi\u00e7os; lan\u00e7ado o Portal de Servi\u00e7os <a href=\"https:\/\/servicos.niteroi.rj.gov.br\" target=\"_blank\" rel=\"noreferrer noopener\">(<\/a><a href=\"https:\/\/servicos.niteroi.rj.gov.br\/#\/main\/dyview\" target=\"_blank\" rel=\"noreferrer noopener\">https:\/\/servicos.niteroi.rj.gov.br<\/a>); e regulamentada a Pol\u00edtica de Atendimento ao Cidad\u00e3o. Na Fazenda, reformulamos a Central de Atendimento, que passou a ter um sistema de avalia\u00e7\u00e3o. Lan\u00e7amos uma chatbot de Atendimento, a Zefa, e passamos a possibilitar o atendimento por meio de totens. Somadas, essas a\u00e7\u00f5es foram respons\u00e1veis pelos maiores avan\u00e7os na presta\u00e7\u00e3o de servi\u00e7o que a cidade j\u00e1 teve.<\/p>\n\n\n\n<p>O Portal de Servi\u00e7os talvez seja a mais emblem\u00e1tica. Por meio dele, qualquer cidad\u00e3o pode ter acesso a todas as informa\u00e7\u00f5es dos servi\u00e7os da Prefeitura, como o passo a passo para requer\u00ea-los e a respectiva documenta\u00e7\u00e3o necess\u00e1ria. Ele ainda permite que, para alguns servi\u00e7os &#8211; os chamados servi\u00e7os digitais &#8211; seja poss\u00edvel a solicita\u00e7\u00e3o on-line, pelo pr\u00f3prio portal, atrav\u00e9s da autentica\u00e7\u00e3o Gov.br.<\/p>\n\n\n\n<p>Esses servi\u00e7os digitais t\u00eam sido a grande novidade na Prefeitura desde ent\u00e3o. N\u00e3o apenas pela facilidade de solicita\u00e7\u00e3o, mas tamb\u00e9m pela economia de tempo, dinheiro e esfor\u00e7o que eles trazem, seja para o cidad\u00e3o, mas tamb\u00e9m para o poder p\u00fablico. Na Fazenda, temos bons exemplos disso.<\/p>\n\n\n\n<h3 class=\"wp-block-heading\"> primeiro servi\u00e7o digital<\/h3>\n\n\n\n<p>O nosso primeiro servi\u00e7o digital \u2013 de ponta a ponta, solicitado por meio do Portal de Servi\u00e7os \u2013 foi o servi\u00e7o de <a href=\"https:\/\/servicos.niteroi.rj.gov.br\/#\/main\/dyview\/open\/CATALOGO-SERVICOS-DETALHE\/_none\/0\" target=\"_blank\" rel=\"noreferrer noopener\">Mudan\u00e7a de Titularidade de IPTU<\/a>. Originalmente, esse era um servi\u00e7o que podia ser solicitado por e-mail ou de forma presencial na Central de Atendimento. Ele era um servi\u00e7o \u00e1gil, mas que passava por abertura de processo administrativo e que tinha mais de um canal de entrada quando solicitado por e-mail.<\/p>\n\n\n\n<p>Ap\u00f3s o processo de transforma\u00e7\u00e3o digital, esse servi\u00e7o passou a ser feito exclusivamente on-line. A abertura de processo administrativo tamb\u00e9m foi suprimida e as solicita\u00e7\u00f5es por e-mail direcionadas para o canal adequado. O resultado tem superado as nossas expectativas: cerca de 500 atendimentos por m\u00eas e uma taxa de avalia\u00e7\u00e3o de bom e \u00f3timo de 92% em agosto. Entre os coment\u00e1rios dos usu\u00e1rios, este de setembro deste ano salta aos olhos: \u201cEstou impressionada com a facilidade e rapidez na presta\u00e7\u00e3o do servi\u00e7o solicitado.\u201d<\/p>\n\n\n\n<p>Desde a altera\u00e7\u00e3o de titularidade, j\u00e1 digitalizamos outros servi\u00e7os: altera\u00e7\u00e3o de correspond\u00eancia; isen\u00e7\u00e3o de IPTU para idosos; e certid\u00e3o de aut\u00f4nomo e de isen\u00e7\u00e3o de publicidade. Nossa estrat\u00e9gia, conforme defini\u00e7\u00e3o do governo federal, \u00e9 sempre trabalhar com servi\u00e7os mais simples, buscando agilidade e aprendizado, de modo a incutir na organiza\u00e7\u00e3o a cultura do governo digital. Foi o que fizemos at\u00e9 aqui. At\u00e9 o fim do ano devemos ter os primeiros servi\u00e7os que envolvem abertura de processo administrativo. Com a implementa\u00e7\u00e3o do Processo Eletr\u00f4nico no munic\u00edpio, coordenada pela SPELAG, pretendemos dar mais saltos de qualidade para chegar em servi\u00e7os um pouco mais complexos, mas que facilitem ainda mais a vida do cidad\u00e3o de Niter\u00f3i.<\/p>\n\n\n\n<p>Esse tem sido o nosso caminho e esperamos poder ofertar cada vez mais solu\u00e7\u00f5es \u00e1geis, simples e digitais para a nossa popula\u00e7\u00e3o. \u00c9 assim que enxergo uma Fazenda Digital: menos filas, mais foco no cidad\u00e3o. Ainda que esse processo seja cont\u00ednuo e sempre pass\u00edvel de melhoria, j\u00e1 \u00e9 poss\u00edvel sentir uma grande diferen\u00e7a do nosso esfor\u00e7o dos \u00faltimos anos. As filas, ao menos, diminu\u00edram. De quase <strong>174 mil atendimentos presenciais em 2019, ca\u00edmos para 48 mil em 2021<\/strong>. Isso n\u00e3o seria poss\u00edvel sem um governo que prioriza mais a inova\u00e7\u00e3o e menos a burocracia.<\/p>\n\n\n\n<hr class=\"wp-block-separator has-alpha-channel-opacity\"\/>\n\n\n\n<p><strong>Gostaria de reconhecer a SEPLAG pela lideran\u00e7a da estrat\u00e9gia de governo digital na Prefeitura, nas pessoas da Secret\u00e1ria Ellen Bennedeti e do Subsecret\u00e1rio Enzo Tessarolo. Parabenizo todo o time da Secretaria de Fazenda por n\u00e3o economizar esfor\u00e7os na revis\u00e3o dos fluxos e na proposta de facilitar a vida dos contribuintes com solu\u00e7\u00f5es cada vez mais \u00e1geis e digitais. A popula\u00e7\u00e3o de Niter\u00f3i agradece a todos voc\u00eas!<\/strong><\/p>\n\n\n\n<p><em>Dividem comigo a coautoria deste artigo o Diretor de Servi\u00e7os Digitais, Luiz Ot\u00e1vio Ribeiro Monteiro Jr, e a Subsecret\u00e1ria de Moderniza\u00e7\u00e3o, Nat\u00e1lia Cardoso.<\/em><\/p>\n","protected":false},"excerpt":{"rendered":"<p>\u201cComo melhorar a presta\u00e7\u00e3o de servi\u00e7o da Prefeitura?\u201d era uma das principais agendas do governo do prefeito Axel Grael em 2021. Hav\u00edamos avan\u00e7ado muito na melhoria da gest\u00e3o, dos sistemas e das estruturas. Isso era not\u00f3rio para quem estava dentro da m\u00e1quina p\u00fablica. Mas era preciso avan\u00e7ar para fora. Era preciso que essas melhorias chegassem ao cidad\u00e3o e que ele sentisse cada vez mais um governo atuando para ele, que tornasse seus pedidos mais \u00e1geis e simples de serem respondidos. E isso foi feito com o Governo Digital.<\/p>\n","protected":false},"author":11,"featured_media":930,"comment_status":"closed","ping_status":"open","sticky":false,"template":"","format":"standard","meta":{"footnotes":""},"categories":[9],"tags":[],"class_list":["post-929","post","type-post","status-publish","format-standard","has-post-thumbnail","hentry","category-inovacao"],"_links":{"self":[{"href":"https:\/\/www.fazenda.niteroi.rj.gov.br\/blog\/wp-json\/wp\/v2\/posts\/929","targetHints":{"allow":["GET"]}}],"collection":[{"href":"https:\/\/www.fazenda.niteroi.rj.gov.br\/blog\/wp-json\/wp\/v2\/posts"}],"about":[{"href":"https:\/\/www.fazenda.niteroi.rj.gov.br\/blog\/wp-json\/wp\/v2\/types\/post"}],"author":[{"embeddable":true,"href":"https:\/\/www.fazenda.niteroi.rj.gov.br\/blog\/wp-json\/wp\/v2\/users\/11"}],"replies":[{"embeddable":true,"href":"https:\/\/www.fazenda.niteroi.rj.gov.br\/blog\/wp-json\/wp\/v2\/comments?post=929"}],"version-history":[{"count":1,"href":"https:\/\/www.fazenda.niteroi.rj.gov.br\/blog\/wp-json\/wp\/v2\/posts\/929\/revisions"}],"predecessor-version":[{"id":931,"href":"https:\/\/www.fazenda.niteroi.rj.gov.br\/blog\/wp-json\/wp\/v2\/posts\/929\/revisions\/931"}],"wp:featuredmedia":[{"embeddable":true,"href":"https:\/\/www.fazenda.niteroi.rj.gov.br\/blog\/wp-json\/wp\/v2\/media\/930"}],"wp:attachment":[{"href":"https:\/\/www.fazenda.niteroi.rj.gov.br\/blog\/wp-json\/wp\/v2\/media?parent=929"}],"wp:term":[{"taxonomy":"category","embeddable":true,"href":"https:\/\/www.fazenda.niteroi.rj.gov.br\/blog\/wp-json\/wp\/v2\/categories?post=929"},{"taxonomy":"post_tag","embeddable":true,"href":"https:\/\/www.fazenda.niteroi.rj.gov.br\/blog\/wp-json\/wp\/v2\/tags?post=929"}],"curies":[{"name":"wp","href":"https:\/\/api.w.org\/{rel}","templated":true}]}}