{"id":944,"date":"2022-12-12T13:33:58","date_gmt":"2022-12-12T16:33:58","guid":{"rendered":"https:\/\/www.fazenda.niteroi.rj.gov.br\/blog\/?p=944"},"modified":"2023-07-28T15:04:46","modified_gmt":"2023-07-28T18:04:46","slug":"a-memoria-sabe-de-mim-mais-que-eu","status":"publish","type":"post","link":"https:\/\/www.fazenda.niteroi.rj.gov.br\/blog\/2022\/12\/12\/a-memoria-sabe-de-mim-mais-que-eu\/","title":{"rendered":"A mem\u00f3ria sabe de mim mais que eu"},"content":{"rendered":"\n<p>O 4 de novembro \u00e9 um dia especial para a Secretaria de Fazenda de Niter\u00f3i. Desde o ano passado, comemoramos nessa data o Dia do Servidor Fazend\u00e1rio, um reconhecimento concedido pela C\u00e2mara de Vereadores ao trabalho feito com afinco, seriedade e dedica\u00e7\u00e3o pelos funcion\u00e1rios desta Casa Legislativa. Se me permitem dizer, um reconhecimento mais do que merecido.<\/p>\n\n\n\n<p>S\u00e3o dos impostos recolhidos que nascem as pol\u00edticas p\u00fablicas. \u00c9 por meio do IPTU, do ISS e do ITBI que somos capazes de ter escolas, hospitais e ruas pavimentadas. \u00c9 por meio deste trabalho, realizado todos os dias pelos servidores e servidoras desta Fazenda, que Niter\u00f3i constr\u00f3i as condi\u00e7\u00f5es para se tornar esta cidade din\u00e2mica, pr\u00f3spera, vibrante e feliz.&nbsp;<\/p>\n\n\n\n<p>Homenagear os fazend\u00e1rios \u00e9 tamb\u00e9m homenagear a hist\u00f3ria da cidade de Niter\u00f3i. O Pal\u00e1cio Arariboia, onde trabalhamos todos os dias, foi durante muitos anos sede de toda Prefeitura. Foi por aqui que passaram prefeitos, secret\u00e1rios, pessoas ilustres da nossa cidade que deixaram suas marcas para que Niter\u00f3i crescesse, se desenvolvesse e se tornasse o mun\u00edcipio onde temos orgulho de viver.&nbsp;<\/p>\n\n\n\n<p>Penso nisso desde que assumi como secret\u00e1ria de Fazenda. Penso nisso quando subo as escadas e quando olho para o quadro do Antonio Parreiras na sala que ocupo. Penso em quantas pessoas passaram por aqui, no que aqui foi feito, nas coisas que aqui foram assinadas, nos mais diversos projetos da cidade que come\u00e7aram aqui, numa mesa de trabalho n\u00e3o muito diferente da que cada um aqui se senta quando chega para trabalhar.&nbsp;<\/p>\n\n\n\n<p>Foi por isso que decidimos, neste Dia do Fazend\u00e1rio celebrado em 2022, fazer um resgate desta institui\u00e7\u00e3o. Da sua hist\u00f3ria, dos seus feitos, da sua mem\u00f3ria. Para isso, entregamos \u00e0 popula\u00e7\u00e3o de Niter\u00f3i uma exposi\u00e7\u00e3o permanente que cria no pal\u00e1cio o <a href=\"https:\/\/www.fazenda.niteroi.rj.gov.br\/site\/centro-de-memoria\/\" target=\"_blank\" rel=\"noreferrer noopener\">Centro de Mem\u00f3ria da Fazenda<\/a>.&nbsp;<\/p>\n\n\n\n<p>O Centro de Mem\u00f3ria \u00e9 um projeto constru\u00eddo em parceria com a Secretaria de Culturas e com a Funda\u00e7\u00e3o de Artes de Niter\u00f3i. Com o Centro e todo o cuidado com este patrim\u00f4nio hist\u00f3rico, resgatamos um pouco de v\u00e1rias hist\u00f3rias: a hist\u00f3ria dos tributos que d\u00e1 origem a este pa\u00eds. A hist\u00f3ria da Fazenda, \u00f3rg\u00e3o fundamental da administra\u00e7\u00e3o p\u00fablica. Do Pal\u00e1cio Arariboia, esse equipamento p\u00fablico e cultural t\u00e3o nobre da cidade.&nbsp;<\/p>\n\n\n\n<p>H\u00e1 v\u00e1rias hist\u00f3rias que vivem neste pr\u00e9dio. H\u00e1 a hist\u00f3ria de quando aqui ainda havia muitos tapumes. Os pisos eram de carpete e a subesta\u00e7\u00e3o era ligada numa placa de madeira. Isso acontecia h\u00e1 poucos anos, ainda que pare\u00e7a ser parte de um passado mais distante.&nbsp;<\/p>\n\n\n\n<p>H\u00e1 a hist\u00f3ria de quando este pr\u00e9dio foi constru\u00eddo, entre 1909 e 1910, tendo sido pensado para ser a sede do Poder Executivo e do Poder Legislativo, algo que fracassou devido a uma briga entre o Prefeito da \u00e9poca, Jo\u00e3o Pereira Ferraz, e a C\u00e2mara Municipal.&nbsp;<\/p>\n\n\n\n<p>H\u00e1, por fim, a hist\u00f3ria de todos e de cada um que construiu a Secretaria de Fazenda. De gente que cuidava da contabilidade quando ainda n\u00e3o havia computador. De gente que tinha todo o cuidado com a arrecada\u00e7\u00e3o quando a estrutura estava muito aqu\u00e9m do necess\u00e1rio. De gente que em cada detalhe, em cada trabalho, em cada v\u00edrgula, deixou uma marca aqui neste pr\u00e9dio. Uma marca que voc\u00eas podem n\u00e3o ver, que voc\u00eas podem achar que \u00e9 pouca, mas que est\u00e1 aqui. Porque todo trabalho, independentemente de qual seja, ajudou a construir a Fazenda de ontem, ajuda a construir a Fazenda de hoje e vai ajudar a construir a Fazenda de amanh\u00e3.<\/p>\n\n\n\n<p>Existe uma frase do escritor Eduardo Galeano da qual gosto muito que diz que \u201ca mem\u00f3ria guardar\u00e1 o que valer a pena. A mem\u00f3ria sabe de mim mais que eu e ela n\u00e3o perde o que merece ser salvo\u201d. Essa \u00e9 a ideia do nosso Centro de Mem\u00f3ria: guardar o que vale a pena. Das antigas guias de IPTU aos livros cont\u00e1beis, h\u00e1 muito aqui, fruto do trabalho de muita gente. Trabalho que vale muito a pena.&nbsp;<\/p>\n\n\n\n<p>Que este Centro seja uma mem\u00f3ria disso.<\/p>\n\n\n\n<p>O Centro de Mem\u00f3ria da Fazenda est\u00e1 aberto \u00e0 visita\u00e7\u00e3o. Venha conhecer! Rua da Concei\u00e7\u00e3o, 100. De 9 \u00e0s 16h. <a href=\"https:\/\/servicos.niteroi.rj.gov.br\/#\/main\/dyview\/open\/CATALOGO-SERVICOS-DETALHE\/%3Fid%3D313\/0\" target=\"_blank\" rel=\"noreferrer noopener\">Clique aqui para realizar o agendamento pelo Portal de Servi\u00e7os da Prefeitura.<\/a><\/p>\n\n\n\n<p><strong>Parceria<\/strong> &#8211;&nbsp; A Secretaria Municipal de Fazenda ir\u00e1 celebrar um conv\u00eanio com o jornal A Tribuna para contribuir com o resgate hist\u00f3rico do Centro de Mem\u00f3ria.<\/p>\n\n\n\n<p>___________________________________________________________________<br><strong><em>Agradecimentos<\/em><\/strong><em> &#8211; Primeiramente agrade\u00e7o a confian\u00e7a dos Prefeitos Axel Grael e Rodrigo Neves. Minha admira\u00e7\u00e3o por serem lideran\u00e7as que valorizam e fortalecem o trabalho t\u00e9cnico porque entendem sua import\u00e2ncia para uma cidade bem gerida para os cidad\u00e3os. Obrigada ainda ao Secret\u00e1rio das Culturas, Alexandre Santini, e ao Presidente da FAN, Fernando Brand\u00e3o, por desenvolverem o Centro de Mem\u00f3ria comigo; \u00e0 Telma da Musas pela curadoria; \u00e0 Secret\u00e1ria Dayse Monassa pela conserva\u00e7\u00e3o e novo jardim; \u00e0 Fernanda Couto do Depac por toda a restaura\u00e7\u00e3o e cuidado com o pr\u00e9dio; ao Presidente da EMUSA, Paulo Cesar, pelos projetos de infraestrutura. Agrade\u00e7o de cora\u00e7\u00e3o a toda a equipe da Fazenda pelo profissionalismo e dedica\u00e7\u00e3o.<\/em><\/p>\n","protected":false},"excerpt":{"rendered":"<p>O 4 de novembro \u00e9 um dia especial para a Secretaria de Fazenda de Niter\u00f3i. Desde o ano passado, comemoramos nessa data o Dia do Servidor Fazend\u00e1rio, um reconhecimento concedido pela C\u00e2mara de Vereadores ao trabalho feito com afinco, seriedade e dedica\u00e7\u00e3o pelos funcion\u00e1rios desta Casa Legislativa. Se me permitem dizer, um reconhecimento mais do &hellip;<\/p>\n<p class=\"read-more\"> <a class=\"\" href=\"https:\/\/www.fazenda.niteroi.rj.gov.br\/blog\/2022\/12\/12\/a-memoria-sabe-de-mim-mais-que-eu\/\"> <span class=\"screen-reader-text\">A mem\u00f3ria sabe de mim mais que eu<\/span> Leia mais &raquo;<\/a><\/p>\n","protected":false},"author":11,"featured_media":949,"comment_status":"closed","ping_status":"open","sticky":false,"template":"","format":"standard","meta":{"footnotes":""},"categories":[7],"tags":[12,15],"class_list":["post-944","post","type-post","status-publish","format-standard","has-post-thumbnail","hentry","category-participacao-social","tag-cidadao","tag-dialogo"],"_links":{"self":[{"href":"https:\/\/www.fazenda.niteroi.rj.gov.br\/blog\/wp-json\/wp\/v2\/posts\/944","targetHints":{"allow":["GET"]}}],"collection":[{"href":"https:\/\/www.fazenda.niteroi.rj.gov.br\/blog\/wp-json\/wp\/v2\/posts"}],"about":[{"href":"https:\/\/www.fazenda.niteroi.rj.gov.br\/blog\/wp-json\/wp\/v2\/types\/post"}],"author":[{"embeddable":true,"href":"https:\/\/www.fazenda.niteroi.rj.gov.br\/blog\/wp-json\/wp\/v2\/users\/11"}],"replies":[{"embeddable":true,"href":"https:\/\/www.fazenda.niteroi.rj.gov.br\/blog\/wp-json\/wp\/v2\/comments?post=944"}],"version-history":[{"count":5,"href":"https:\/\/www.fazenda.niteroi.rj.gov.br\/blog\/wp-json\/wp\/v2\/posts\/944\/revisions"}],"predecessor-version":[{"id":952,"href":"https:\/\/www.fazenda.niteroi.rj.gov.br\/blog\/wp-json\/wp\/v2\/posts\/944\/revisions\/952"}],"wp:featuredmedia":[{"embeddable":true,"href":"https:\/\/www.fazenda.niteroi.rj.gov.br\/blog\/wp-json\/wp\/v2\/media\/949"}],"wp:attachment":[{"href":"https:\/\/www.fazenda.niteroi.rj.gov.br\/blog\/wp-json\/wp\/v2\/media?parent=944"}],"wp:term":[{"taxonomy":"category","embeddable":true,"href":"https:\/\/www.fazenda.niteroi.rj.gov.br\/blog\/wp-json\/wp\/v2\/categories?post=944"},{"taxonomy":"post_tag","embeddable":true,"href":"https:\/\/www.fazenda.niteroi.rj.gov.br\/blog\/wp-json\/wp\/v2\/tags?post=944"}],"curies":[{"name":"wp","href":"https:\/\/api.w.org\/{rel}","templated":true}]}}