{"id":28,"name":"Julia Waissberg","url":"","description":"Julia Waissberg \u00e9 graduanda em Marketing Digital pela Universidade Est\u00e1cio e S\u00e1 e assessora de comunica\u00e7\u00e3o institucional da Secretaria Municipal de Fazenda.","link":"https:\/\/www.fazenda.niteroi.rj.gov.br\/blog\/author\/julia-waissberg\/","slug":"julia-waissberg","avatar_urls":{"24":"https:\/\/secure.gravatar.com\/avatar\/cae18ba659a08d9da823b49f1718fe1e0881b531f161bc332990e6b02311eff6?s=24&d=mm&r=g","48":"https:\/\/secure.gravatar.com\/avatar\/cae18ba659a08d9da823b49f1718fe1e0881b531f161bc332990e6b02311eff6?s=48&d=mm&r=g","96":"https:\/\/secure.gravatar.com\/avatar\/cae18ba659a08d9da823b49f1718fe1e0881b531f161bc332990e6b02311eff6?s=96&d=mm&r=g"},"meta":[],"simple_local_avatar":{"media_id":1076,"full":"https:\/\/www.fazenda.niteroi.rj.gov.br\/blog\/wp-content\/uploads\/2023\/08\/Foto-julia-waissberg.jpeg","192":"https:\/\/www.fazenda.niteroi.rj.gov.br\/blog\/wp-content\/uploads\/2023\/08\/Foto-julia-waissberg-192x192.jpeg","96":"https:\/\/www.fazenda.niteroi.rj.gov.br\/blog\/wp-content\/uploads\/2023\/08\/Foto-julia-waissberg-96x96.jpeg","64":"https:\/\/www.fazenda.niteroi.rj.gov.br\/blog\/wp-content\/uploads\/2023\/08\/Foto-julia-waissberg-64x64.jpeg","32":"https:\/\/www.fazenda.niteroi.rj.gov.br\/blog\/wp-content\/uploads\/2023\/08\/Foto-julia-waissberg-32x32.jpeg","128":"https:\/\/www.fazenda.niteroi.rj.gov.br\/blog\/wp-content\/uploads\/2023\/08\/Foto-julia-waissberg-128x128.jpeg","52":"https:\/\/www.fazenda.niteroi.rj.gov.br\/blog\/wp-content\/uploads\/2023\/08\/Foto-julia-waissberg-52x52.jpeg","26":"https:\/\/www.fazenda.niteroi.rj.gov.br\/blog\/wp-content\/uploads\/2023\/08\/Foto-julia-waissberg-26x26.jpeg","500":"https:\/\/www.fazenda.niteroi.rj.gov.br\/blog\/wp-content\/uploads\/2023\/08\/Foto-julia-waissberg-500x500.jpeg","340":"https:\/\/www.fazenda.niteroi.rj.gov.br\/blog\/wp-content\/uploads\/2023\/08\/Foto-julia-waissberg-340x340.jpeg","170":"https:\/\/www.fazenda.niteroi.rj.gov.br\/blog\/wp-content\/uploads\/2023\/08\/Foto-julia-waissberg-170x170.jpeg","240":"https:\/\/www.fazenda.niteroi.rj.gov.br\/blog\/wp-content\/uploads\/2023\/08\/Foto-julia-waissberg-240x240.jpeg","120":"https:\/\/www.fazenda.niteroi.rj.gov.br\/blog\/wp-content\/uploads\/2023\/08\/Foto-julia-waissberg-120x120.jpeg","36":"https:\/\/www.fazenda.niteroi.rj.gov.br\/blog\/wp-content\/uploads\/2023\/08\/Foto-julia-waissberg-36x36.jpeg","18":"https:\/\/www.fazenda.niteroi.rj.gov.br\/blog\/wp-content\/uploads\/2023\/08\/Foto-julia-waissberg-18x18.jpeg"},"_links":{"self":[{"href":"https:\/\/www.fazenda.niteroi.rj.gov.br\/blog\/wp-json\/wp\/v2\/users\/28","targetHints":{"allow":["GET"]}}],"collection":[{"href":"https:\/\/www.fazenda.niteroi.rj.gov.br\/blog\/wp-json\/wp\/v2\/users"}]}}