{"id":10212,"date":"2020-07-27T17:02:07","date_gmt":"2020-07-27T20:02:07","guid":{"rendered":"https:\/\/fazenda.niteroi.rj.gov.br\/site\/?p=10212"},"modified":"2020-07-27T17:02:10","modified_gmt":"2020-07-27T20:02:10","slug":"pauta-sessao-virtual-dia-29-de-julho-de-2020","status":"publish","type":"post","link":"https:\/\/www.fazenda.niteroi.rj.gov.br\/site\/pauta-sessao-virtual-dia-29-de-julho-de-2020\/","title":{"rendered":"PAUTA SESS\u00c3O VIRTUAL DIA 29 DE JULHO DE 2020"},"content":{"rendered":"\n<p>PREFEITURA MUNICIPAL DE NITER\u00d3I<\/p>\n\n\n\n<p><img loading=\"lazy\" decoding=\"async\" width=\"461\" height=\"3\" src=\"\"><strong>CONSELHO DE CONTRIBUINTES DO MUNIC\u00cdPIO DE NITER\u00d3I \u2013 FCCN<\/strong><\/p>\n\n\n\n<p><img loading=\"lazy\" decoding=\"async\" width=\"118\" height=\"3\" src=\"\"><strong>REUNI\u00c3O VIRTUAL PARA JULGAMENTOS DE RECURSOS, A SER REALIZADA NO DIA 29 DE JULHO DE <u>2020<\/u>, COM <u>IN\u00cdCIO \u00c0S 10:00<\/u>,<\/strong><\/p>\n\n\n\n<p><strong><u>Pauta de Julgamentos \u2013 Sess\u00e3o Virtual<\/u><\/strong><strong><\/strong><\/p>\n\n\n\n<p><strong>(Art. 15, \u00a7 3\u00ba, da Lei n\u00ba 2.228\/2005, Art. 76 do Decreto n\u00ba 9.735\/2005 e Art. 4\u00ba da Resolu\u00e7\u00e3o n\u00ba 01\/2020 do Conselho de Contribuintes do Munic\u00edpio de Niter\u00f3i)<\/strong><\/p>\n\n\n\n<p>&nbsp;<strong>\u25ba <\/strong><strong><u>1187\u00aa Sess\u00e3o Ordin\u00e1ria:<\/u><\/strong><strong><\/strong><\/p>\n\n\n\n<p><strong>PROCESSO: 030\/009856\/19<\/strong><\/p>\n\n\n\n<p>RECORRENTE: SECRETARIA MUNICIPAL DE FAZENDA RECORRIDO: MAURICIO DE SOUZA LE\u00c3O CONSELHEIRO\/RELATOR: ROBERTO PEDREIRA FERREIRA CURI<\/p>\n\n\n\n<p>PROCESSO: 030\/006775\/18<\/p>\n\n\n\n<p>RECORRENTE: SECRETARIA MUNICIPAL DE FAZENDA RECORRIDO: BIANCA FIGUEIRA SANTOS CONSELHEIRO\/RELATOR: LUIZ FELIPE CARREIRA MARQUES<\/p>\n\n\n\n<p>PROCESSO: 030\/021870\/18<\/p>\n\n\n\n<p>RECORRENTE: SECRETARIA MUNICIPAL DE FAZENDA RECORRIDO: LEMFAC FOMENTO MERCANTIL LTDA<\/p>\n\n\n\n<p>CONSELHEIRO\/RELATOR: PAULINO GON\u00c7ALVES MOREIRA LEITE FILHO<\/p>\n\n\n\n<p>PROCESSO: 030\/007513\/19<\/p>\n\n\n\n<p>RECORRENTE: SECRETARIA MUNICIPAL DE FAZENDA RECORRIDO: GILSON ZACARIAS FREITAS CONSELHEIRO\/RELATOR: ROBERTO MARINHO DE MELLO<\/p>\n\n\n\n<p>PROCESSO: 030\/003072\/20<\/p>\n\n\n\n<p>RECORRENTE: SECRETARIA MUNICIPAL DE FAZENDA RECORRIDO: LUCIA MATHIAS RABELO CONSELHEIRO\/RELATOR: M\u00c1RCIO MATEUS DE MACEDO<\/p>\n\n\n\n<p>&nbsp;\u25ba 1188\u00aa Sess\u00e3o Ordin\u00e1ria:<\/p>\n\n\n\n<p><strong>PROCESSO: 030\/003073\/20<\/strong><\/p>\n\n\n\n<p>RECORRENTE: SECRETARIA MUNICIPAL DE FAZENDA RECORRIDO: LUCIA MATHIAS RABELO CONSELHEIRO\/RELATOR: MANOEL ALVES JUNIOR<\/p>\n\n\n\n<p>PROCESSO: 030\/013467\/18<\/p>\n\n\n\n<p>RECORRENTE: SECRETARIA MUNICIPAL DE FAZENDA RECORRIDO: LEANDRO PACHECO DE SOUZA CONSELHEIRO\/RELATOR: ROBERTO PEDREIRA FERREIRA CURI<\/p>\n\n\n\n<p>PROCESSO: 030\/014139\/19<\/p>\n\n\n\n<p>RECORRENTE: SECRETARIA MUNICIPAL DE FAZENDA RECORRIDO: SANDRA MIRIA GON\u00c7ALVES ANDRADE CONSELHEIRO\/RELATOR: MANOEL ALVES JUNIOR<\/p>\n\n\n\n<p>PROCESSO: 030\/016454\/19<\/p>\n\n\n\n<p>RECORRENTE: SECRETARIA MUNICIPAL DE FAZENDA RECORRIDO: ENRICO CALVETTE CONTI CONSELHEIRO\/RELATOR: ROBERTO PEDREIRA FERREIRA CURI<\/p>\n\n\n\n<p>FCCN, EM 27 DE JULHO DE 2020.<\/p>\n","protected":false},"excerpt":{"rendered":"<p>PREFEITURA MUNICIPAL DE NITER\u00d3I CONSELHO DE CONTRIBUINTES DO MUNIC\u00cdPIO DE NITER\u00d3I \u2013 FCCN REUNI\u00c3O VIRTUAL PARA JULGAMENTOS DE RECURSOS, A SER REALIZADA NO DIA 29 DE JULHO DE 2020, COM [&hellip;]<\/p>\n","protected":false},"author":4,"featured_media":911,"comment_status":"closed","ping_status":"closed","sticky":false,"template":"","format":"standard","meta":{"_et_pb_use_builder":"off","_et_pb_old_content":"","_et_gb_content_width":"","_usar_header_alternativo":false,"footnotes":""},"categories":[126,132],"tags":[],"class_list":["post-10212","post","type-post","status-publish","format-standard","has-post-thumbnail","hentry","category-ccn","category-pautas","et-has-post-format-content","et_post_format-et-post-format-standard"],"_links":{"self":[{"href":"https:\/\/www.fazenda.niteroi.rj.gov.br\/site\/wp-json\/wp\/v2\/posts\/10212","targetHints":{"allow":["GET"]}}],"collection":[{"href":"https:\/\/www.fazenda.niteroi.rj.gov.br\/site\/wp-json\/wp\/v2\/posts"}],"about":[{"href":"https:\/\/www.fazenda.niteroi.rj.gov.br\/site\/wp-json\/wp\/v2\/types\/post"}],"author":[{"embeddable":true,"href":"https:\/\/www.fazenda.niteroi.rj.gov.br\/site\/wp-json\/wp\/v2\/users\/4"}],"replies":[{"embeddable":true,"href":"https:\/\/www.fazenda.niteroi.rj.gov.br\/site\/wp-json\/wp\/v2\/comments?post=10212"}],"version-history":[{"count":0,"href":"https:\/\/www.fazenda.niteroi.rj.gov.br\/site\/wp-json\/wp\/v2\/posts\/10212\/revisions"}],"wp:featuredmedia":[{"embeddable":true,"href":"https:\/\/www.fazenda.niteroi.rj.gov.br\/site\/wp-json\/wp\/v2\/media\/911"}],"wp:attachment":[{"href":"https:\/\/www.fazenda.niteroi.rj.gov.br\/site\/wp-json\/wp\/v2\/media?parent=10212"}],"wp:term":[{"taxonomy":"category","embeddable":true,"href":"https:\/\/www.fazenda.niteroi.rj.gov.br\/site\/wp-json\/wp\/v2\/categories?post=10212"},{"taxonomy":"post_tag","embeddable":true,"href":"https:\/\/www.fazenda.niteroi.rj.gov.br\/site\/wp-json\/wp\/v2\/tags?post=10212"}],"curies":[{"name":"wp","href":"https:\/\/api.w.org\/{rel}","templated":true}]}}