{"id":10384,"date":"2020-08-04T11:36:51","date_gmt":"2020-08-04T14:36:51","guid":{"rendered":"https:\/\/fazenda.niteroi.rj.gov.br\/site\/?p=10384"},"modified":"2020-08-04T11:43:46","modified_gmt":"2020-08-04T14:43:46","slug":"pauta-de-julgamento-sessao-virtual-dia-05-de-agosto-de-2020","status":"publish","type":"post","link":"https:\/\/www.fazenda.niteroi.rj.gov.br\/site\/pauta-de-julgamento-sessao-virtual-dia-05-de-agosto-de-2020\/","title":{"rendered":"PAUTA DE JULGAMENTO &#8211; SESS\u00c3O VIRTUAL DIA 05 DE AGOSTO DE 2020"},"content":{"rendered":"\n<p class=\"has-text-align-center\"><strong>PREFEITURA MUNICIPAL DE NITER\u00d3I<\/strong><\/p>\n\n\n\n<p class=\"has-text-align-center\"><strong>CONSELHO DE CONTRIBUINTES DO MUNIC\u00cdPIO DE NITER\u00d3I \u2013 FCCN<\/strong><\/p>\n\n\n\n<p class=\"has-text-align-center\"><strong>REUNI\u00c3O VIRTUAL PARA JULGAMENTOS DE RECURSOS, A SER REALIZADA NO DIA 05 DE AGOSTO DE 2020, COM IN\u00cdCIO \u00c0S 10:00<\/strong><\/p>\n\n\n\n<p class=\"has-text-align-center\"><strong>Pauta de Julgamentos \u2013 Sess\u00e3o Virtual<\/strong><\/p>\n\n\n\n<p class=\"has-text-align-center\"><strong>(Art. 15, \u00a7 3\u00ba, da Lei n\u00ba 2.228\/2005, Art. 76 do Decreto n\u00ba 9.735\/2005 e Art. 4\u00ba da Resolu\u00e7\u00e3o n\u00ba 01\/2020 do Conselho de Contribuintes do Munic\u00edpio de Niter\u00f3i)<\/strong><\/p>\n\n\n\n<p class=\"has-text-align-center\">&nbsp;<strong>\u25ba <u>1191\u00aa Sess\u00e3o Ordin\u00e1ria:<\/u><\/strong><\/p>\n\n\n\n<p><strong>PROCESSO: 030\/025594\/19, 030\/025597\/19, 030\/025600\/19, 030\/025603\/19, 030\/025606\/19, 030\/025612\/19, 030\/025617\/19, 030\/025620\/19, 030\/025621\/19, 030\/025627\/19 e 030\/025631\/19.<\/strong><\/p>\n\n\n\n<p class=\"has-text-align-center\">RECORRENTE: SECRETARIA MUNICIPAL DE FAZENDA<\/p>\n\n\n\n<p class=\"has-text-align-center\"> RECORRIDO: CTX ADMINISTRADORA DE IM\u00d3VEIS LTDA<\/p>\n\n\n\n<p class=\"has-text-align-center\"> CONSELHEIRO\/RELATOR: LUIZ FELIPE CARREIRA MARQUES<\/p>\n\n\n\n<p class=\"has-text-align-center\">&nbsp;<strong>\u25ba <u>1192\u00aa Sess\u00e3o Ordin\u00e1ria:<\/u><\/strong><\/p>\n\n\n\n<p class=\"has-text-align-center\"><strong>PROCESSO: 030\/024000\/19<\/strong><\/p>\n\n\n\n<p class=\"has-text-align-center\">RECORRENTE: DUNKIRK EMPREENDIMENTOS E PARTICIPA\u00c7\u00d5ES <\/p>\n\n\n\n<p class=\"has-text-align-center\"> RECORRIDO: SECRETARIA MUNICIPAL DE FAZENDA<\/p>\n\n\n\n<p class=\"has-text-align-center\"> CONSELHEIRO\/RELATOR: EDUARDO SOBRAL TAVARES<\/p>\n\n\n\n<p class=\"has-text-align-center\"><strong>PROCESSO: 030\/024002\/19<\/strong><\/p>\n\n\n\n<p class=\"has-text-align-center\">RECORRENTE: DUNKIRK EMPREENDIMENTOS E PARTICIPA\u00c7\u00d5ES <\/p>\n\n\n\n<p class=\"has-text-align-center\"> RECORRIDO: SECRETARIA MUNICIPAL DE FAZENDA<\/p>\n\n\n\n<p class=\"has-text-align-center\"> CONSELHEIRO\/RELATOR: EDUARDO SOBRAL TAVARES<\/p>\n\n\n\n<p class=\"has-text-align-center\"><strong>PROCESSO: 030\/022319\/19<\/strong><\/p>\n\n\n\n<p class=\"has-text-align-center\">RECORRENTE: SECRETARIA MUNICIPAL DE FAZENDA <\/p>\n\n\n\n<p class=\"has-text-align-center\"> RECORRIDO: MAURO VIANA DOS SANTOS<\/p>\n\n\n\n<p class=\"has-text-align-center\"> CONSELHEIRO\/RELATOR: PAULINO GON\u00c7ALVES MOREIRA LEITE FILHO<\/p>\n\n\n\n<p class=\"has-text-align-center\"><strong>PROCESSO: 030\/028359\/18<\/strong><\/p>\n\n\n\n<p class=\"has-text-align-center\">RECORRENTE: SECRETARIA MUNICIPAL DE FAZENDA <\/p>\n\n\n\n<p class=\"has-text-align-center\"> RECORRIDO: CRISTIANE MARTINS DE P. LOPES<\/p>\n\n\n\n<p class=\"has-text-align-center\"> CONSELHEIRO\/RELATOR: ROBERTO MARINHO DE MELLO<\/p>\n\n\n\n<p class=\"has-text-align-center\">FCCN, 04 DE AGOSTO DE 2020.<\/p>\n\n\n\n<p><\/p>\n","protected":false},"excerpt":{"rendered":"<p>PREFEITURA MUNICIPAL DE NITER\u00d3I CONSELHO DE CONTRIBUINTES DO MUNIC\u00cdPIO DE NITER\u00d3I \u2013 FCCN REUNI\u00c3O VIRTUAL PARA JULGAMENTOS DE RECURSOS, A SER REALIZADA NO DIA 05 DE AGOSTO DE 2020, COM [&hellip;]<\/p>\n","protected":false},"author":4,"featured_media":911,"comment_status":"closed","ping_status":"closed","sticky":false,"template":"","format":"standard","meta":{"_et_pb_use_builder":"off","_et_pb_old_content":"","_et_gb_content_width":"","_usar_header_alternativo":false,"footnotes":""},"categories":[126,132],"tags":[],"class_list":["post-10384","post","type-post","status-publish","format-standard","has-post-thumbnail","hentry","category-ccn","category-pautas","et-has-post-format-content","et_post_format-et-post-format-standard"],"_links":{"self":[{"href":"https:\/\/www.fazenda.niteroi.rj.gov.br\/site\/wp-json\/wp\/v2\/posts\/10384","targetHints":{"allow":["GET"]}}],"collection":[{"href":"https:\/\/www.fazenda.niteroi.rj.gov.br\/site\/wp-json\/wp\/v2\/posts"}],"about":[{"href":"https:\/\/www.fazenda.niteroi.rj.gov.br\/site\/wp-json\/wp\/v2\/types\/post"}],"author":[{"embeddable":true,"href":"https:\/\/www.fazenda.niteroi.rj.gov.br\/site\/wp-json\/wp\/v2\/users\/4"}],"replies":[{"embeddable":true,"href":"https:\/\/www.fazenda.niteroi.rj.gov.br\/site\/wp-json\/wp\/v2\/comments?post=10384"}],"version-history":[{"count":0,"href":"https:\/\/www.fazenda.niteroi.rj.gov.br\/site\/wp-json\/wp\/v2\/posts\/10384\/revisions"}],"wp:featuredmedia":[{"embeddable":true,"href":"https:\/\/www.fazenda.niteroi.rj.gov.br\/site\/wp-json\/wp\/v2\/media\/911"}],"wp:attachment":[{"href":"https:\/\/www.fazenda.niteroi.rj.gov.br\/site\/wp-json\/wp\/v2\/media?parent=10384"}],"wp:term":[{"taxonomy":"category","embeddable":true,"href":"https:\/\/www.fazenda.niteroi.rj.gov.br\/site\/wp-json\/wp\/v2\/categories?post=10384"},{"taxonomy":"post_tag","embeddable":true,"href":"https:\/\/www.fazenda.niteroi.rj.gov.br\/site\/wp-json\/wp\/v2\/tags?post=10384"}],"curies":[{"name":"wp","href":"https:\/\/api.w.org\/{rel}","templated":true}]}}