{"id":10985,"date":"2020-09-11T16:44:45","date_gmt":"2020-09-11T19:44:45","guid":{"rendered":"https:\/\/fazenda.niteroi.rj.gov.br\/site\/?p=10985"},"modified":"2020-09-11T16:44:48","modified_gmt":"2020-09-11T19:44:48","slug":"pauta-de-julgamento-sessao-virtual-dia-14-de-setembro-de-2020","status":"publish","type":"post","link":"https:\/\/www.fazenda.niteroi.rj.gov.br\/site\/pauta-de-julgamento-sessao-virtual-dia-14-de-setembro-de-2020\/","title":{"rendered":"PAUTA DE JULGAMENTO &#8211; SESS\u00c3O VIRTUAL DIA 14 DE SETEMBRO DE 2020."},"content":{"rendered":"\n<div class=\"wp-block-image\"><figure class=\"aligncenter is-resized\"><img loading=\"lazy\" decoding=\"async\" src=\"https:\/\/fazenda.niteroi.rj.gov.br\/site\/wp-content\/uploads\/2020\/01\/Brasao-Niteroi-1200x720-1-600x360.jpg\" alt=\"Bras\u00e3o de Niter\u00f3i\" width=\"261\" height=\"157\"\/><\/figure><\/div>\n\n\n\n<p class=\"has-text-align-center\"><strong>PREFEITURA MUNICIPAL DE NITER\u00d3I<\/strong><\/p>\n\n\n\n<p class=\"has-text-align-center\"><strong>CONSELHO DE CONTRIBUINTES DO MUNIC\u00cdPIO DE NITER\u00d3I \u2013 FCCN<\/strong><\/p>\n\n\n\n<p class=\"has-text-align-center\"><strong>REUNI\u00c3O VIRTUAL PARA JULGAMENTOS DE RECURSOS, A SER REALIZADA NO DIA 14 DE SETEMBRO DE 2020, COM IN\u00cdCIO \u00c0S 10:00<\/strong><\/p>\n\n\n\n<p class=\"has-text-align-center\"><strong>Pauta de Julgamentos \u2013 Sess\u00e3o Virtual<\/strong><\/p>\n\n\n\n<p class=\"has-text-align-center\"><strong>(Art. 15, \u00a7 3\u00ba, da Lei n\u00ba 2.228\/2005, Art. 76 do Decreto n\u00ba 9.735\/2005 e Art. 4\u00ba da Resolu\u00e7\u00e3o n\u00ba 01\/2020 do Conselho de Contribuintes do Munic\u00edpio de Niter\u00f3i)<\/strong><\/p>\n\n\n\n<p class=\"has-text-align-center\">\u00a0<strong>\u25ba <u>1210\u00aa Sess\u00e3o Ordin\u00e1ria:<\/u><\/strong><\/p>\n\n\n\n<p class=\"has-text-align-center\"><strong>PROCESSO: 030\/021831\/18<\/strong><\/p>\n\n\n\n<p class=\"has-text-align-center\">RECORRENTE: SECRETARIA MUNICIPAL DE FAZENDA  <\/p>\n\n\n\n<p class=\"has-text-align-center\"> RECORRIDO: CONSTRUTORA FERNANDES MACIEL LTDA<\/p>\n\n\n\n<p class=\"has-text-align-center\"> CONSELHEIRO\/RELATOR: CARLOS MAURO NAYLOR<\/p>\n\n\n\n<p class=\"has-text-align-center\"><strong>PROCESSO: 030\/000731\/19<\/strong><\/p>\n\n\n\n<p class=\"has-text-align-center\">RECORRENTE: SECRETARIA MUNICIPAL DE FAZENDA  <\/p>\n\n\n\n<p class=\"has-text-align-center\"> RECORRIDO: BISSONEAU NAVEGA\u00c7\u00c3O E TRANSPORTES LTDA<\/p>\n\n\n\n<p class=\"has-text-align-center\"> CONSELHEIRO\/RELATOR: CARLOS MAURO NAYLOR<\/p>\n\n\n\n<p class=\"has-text-align-center\"><strong>PROCESSO: 030\/026637\/19<\/strong><\/p>\n\n\n\n<p class=\"has-text-align-center\">RECORRENTE: SECRETARIA MUNICIPAL DE FAZENDA  <\/p>\n\n\n\n<p class=\"has-text-align-center\"> RECORRIDO: LEANDRO MAIA VAZ<\/p>\n\n\n\n<p class=\"has-text-align-center\"> CONSELHEIRO\/RELATOR: ROBERTO PEDREIRA FERREIRA CURI<\/p>\n\n\n\n<p class=\"has-text-align-center\"><strong>PROCESSO: 030\/028658\/19<\/strong><\/p>\n\n\n\n<p class=\"has-text-align-center\">RECORRENTE: SECRETARIA MUNICIPAL DE FAZENDA   <\/p>\n\n\n\n<p class=\"has-text-align-center\"> RECORRIDO: HERM\u00cdNIO DA SILVA DAS OLIVEIRAS<\/p>\n\n\n\n<p class=\"has-text-align-center\"> CONSELHEIRO\/RELATOR: ROBERTO PEDREIRA FERREIRA CURI<\/p>\n\n\n\n<p class=\"has-text-align-center\">\u00a0<strong>\u25ba <u>1211\u00aa Sess\u00e3o Ordin\u00e1ria:<\/u><\/strong><\/p>\n\n\n\n<p class=\"has-text-align-center\"><strong>PROCESSO: 030\/024876\/18<\/strong><\/p>\n\n\n\n<p class=\"has-text-align-center\">RECORRENTE: ANA CAROLINA NADER VASCONCELOS  <\/p>\n\n\n\n<p class=\"has-text-align-center\"> RECORRIDO: SECRETARIA MUNICIPAL DE FAZENDA<\/p>\n\n\n\n<p class=\"has-text-align-center\"> CONSELHEIRO\/RELATOR: LUIZ FELIPE CARREIRA MARQUES<\/p>\n\n\n\n<p class=\"has-text-align-center\"><strong>PROCESSO: 030\/027615\/18<\/strong><\/p>\n\n\n\n<p class=\"has-text-align-center\">RECORRENTE: SECRETARIA MUNICIPAL DE FAZENDA  <\/p>\n\n\n\n<p class=\"has-text-align-center\"> RECORRIDO: CLAUDIO ALVAREZ SIM\u00d5ES<\/p>\n\n\n\n<p class=\"has-text-align-center\"> CONSELHEIRO\/RELATOR: PAULINO GON\u00c7ALVES MOREIRA LEITE FILHO<\/p>\n\n\n\n<p class=\"has-text-align-center\"><strong>PROCESSO: 030\/006590\/2020<\/strong><\/p>\n\n\n\n<p class=\"has-text-align-center\">RECORRENTE: SECRETARIA MUNICIPAL DE FAZENDA  <\/p>\n\n\n\n<p class=\"has-text-align-center\"> RECORRIDO: ANA CLARICE CES\u00c1RIO BAPTISTA <\/p>\n\n\n\n<p class=\"has-text-align-center\"> CONSELHEIRO\/RELATOR: ROBERTO PEDREIRA FERREIRA CURI<\/p>\n\n\n\n<p class=\"has-text-align-center\"><strong>PROCESSO: 030\/008287\/19<\/strong><\/p>\n\n\n\n<p class=\"has-text-align-center\">RECORRENTE: SECRETARIA MUNICIPAL DE FAZENDA   <\/p>\n\n\n\n<p class=\"has-text-align-center\"> RECORRIDO: LEANDRO CASTRO NUNES<\/p>\n\n\n\n<p class=\"has-text-align-center\"> CONSELHEIRO\/RELATOR: CARLOS MAURO NAYLOR<\/p>\n\n\n\n<p class=\"has-text-align-center\"><strong>FCCN, EM 11 DE SETEMBRO DE 2020.<\/strong><\/p>\n","protected":false},"excerpt":{"rendered":"<p>PREFEITURA MUNICIPAL DE NITER\u00d3I CONSELHO DE CONTRIBUINTES DO MUNIC\u00cdPIO DE NITER\u00d3I \u2013 FCCN REUNI\u00c3O VIRTUAL PARA JULGAMENTOS DE RECURSOS, A SER REALIZADA NO DIA 14 DE SETEMBRO DE 2020, COM [&hellip;]<\/p>\n","protected":false},"author":4,"featured_media":911,"comment_status":"closed","ping_status":"closed","sticky":false,"template":"","format":"standard","meta":{"_et_pb_use_builder":"off","_et_pb_old_content":"","_et_gb_content_width":"","_usar_header_alternativo":false,"footnotes":""},"categories":[126,132],"tags":[],"class_list":["post-10985","post","type-post","status-publish","format-standard","has-post-thumbnail","hentry","category-ccn","category-pautas","et-has-post-format-content","et_post_format-et-post-format-standard"],"_links":{"self":[{"href":"https:\/\/www.fazenda.niteroi.rj.gov.br\/site\/wp-json\/wp\/v2\/posts\/10985","targetHints":{"allow":["GET"]}}],"collection":[{"href":"https:\/\/www.fazenda.niteroi.rj.gov.br\/site\/wp-json\/wp\/v2\/posts"}],"about":[{"href":"https:\/\/www.fazenda.niteroi.rj.gov.br\/site\/wp-json\/wp\/v2\/types\/post"}],"author":[{"embeddable":true,"href":"https:\/\/www.fazenda.niteroi.rj.gov.br\/site\/wp-json\/wp\/v2\/users\/4"}],"replies":[{"embeddable":true,"href":"https:\/\/www.fazenda.niteroi.rj.gov.br\/site\/wp-json\/wp\/v2\/comments?post=10985"}],"version-history":[{"count":0,"href":"https:\/\/www.fazenda.niteroi.rj.gov.br\/site\/wp-json\/wp\/v2\/posts\/10985\/revisions"}],"wp:featuredmedia":[{"embeddable":true,"href":"https:\/\/www.fazenda.niteroi.rj.gov.br\/site\/wp-json\/wp\/v2\/media\/911"}],"wp:attachment":[{"href":"https:\/\/www.fazenda.niteroi.rj.gov.br\/site\/wp-json\/wp\/v2\/media?parent=10985"}],"wp:term":[{"taxonomy":"category","embeddable":true,"href":"https:\/\/www.fazenda.niteroi.rj.gov.br\/site\/wp-json\/wp\/v2\/categories?post=10985"},{"taxonomy":"post_tag","embeddable":true,"href":"https:\/\/www.fazenda.niteroi.rj.gov.br\/site\/wp-json\/wp\/v2\/tags?post=10985"}],"curies":[{"name":"wp","href":"https:\/\/api.w.org\/{rel}","templated":true}]}}