{"id":11065,"date":"2020-09-21T10:30:13","date_gmt":"2020-09-21T13:30:13","guid":{"rendered":"https:\/\/fazenda.niteroi.rj.gov.br\/site\/?p=11065"},"modified":"2020-09-21T10:39:51","modified_gmt":"2020-09-21T13:39:51","slug":"pauta-de-julgamento-sessao-virtual-dia-23-de-setembro-de-2020","status":"publish","type":"post","link":"https:\/\/www.fazenda.niteroi.rj.gov.br\/site\/pauta-de-julgamento-sessao-virtual-dia-23-de-setembro-de-2020\/","title":{"rendered":"PAUTA DE JULGAMENTO &#8211; SESS\u00c3O VIRTUAL DIA 23 DE SETEMBRO DE 2020."},"content":{"rendered":"\n<div class=\"wp-block-image\"><figure class=\"aligncenter size-large is-resized\"><img loading=\"lazy\" decoding=\"async\" src=\"https:\/\/fazenda.niteroi.rj.gov.br\/site\/wp-content\/uploads\/2020\/01\/Brasao-Niteroi-1200x720-1-600x360.jpg\" alt=\"Bras\u00e3o de Niter\u00f3i\" class=\"wp-image-8812\" width=\"271\" height=\"163\" srcset=\"https:\/\/www.fazenda.niteroi.rj.gov.br\/site\/wp-content\/uploads\/2020\/01\/Brasao-Niteroi-1200x720-1-600x360.jpg 600w, https:\/\/www.fazenda.niteroi.rj.gov.br\/site\/wp-content\/uploads\/2020\/01\/Brasao-Niteroi-1200x720-1-400x240.jpg 400w, https:\/\/www.fazenda.niteroi.rj.gov.br\/site\/wp-content\/uploads\/2020\/01\/Brasao-Niteroi-1200x720-1-768x461.jpg 768w, https:\/\/www.fazenda.niteroi.rj.gov.br\/site\/wp-content\/uploads\/2020\/01\/Brasao-Niteroi-1200x720-1-1080x648.jpg 1080w, https:\/\/www.fazenda.niteroi.rj.gov.br\/site\/wp-content\/uploads\/2020\/01\/Brasao-Niteroi-1200x720-1-627x376.jpg 627w, https:\/\/www.fazenda.niteroi.rj.gov.br\/site\/wp-content\/uploads\/2020\/01\/Brasao-Niteroi-1200x720-1-440x264.jpg 440w, https:\/\/www.fazenda.niteroi.rj.gov.br\/site\/wp-content\/uploads\/2020\/01\/Brasao-Niteroi-1200x720-1.jpg 1200w\" sizes=\"auto, (max-width: 271px) 100vw, 271px\" \/><\/figure><\/div>\n\n\n\n<h1 class=\"has-text-align-center wp-block-heading\"><strong>PREFEITURA MUNICIPAL DE NITER\u00d3I<\/strong><\/h1>\n\n\n\n<p class=\"has-text-align-center\"><img loading=\"lazy\" decoding=\"async\" width=\"461\" height=\"3\" src=\"\"><strong>CONSELHO DE CONTRIBUINTES DO MUNIC\u00cdPIO DE NITER\u00d3I \u2013 FCCN<\/strong><\/p>\n\n\n\n<p><img loading=\"lazy\" decoding=\"async\" width=\"122\" height=\"3\" src=\"\"><img loading=\"lazy\" decoding=\"async\" width=\"116\" height=\"2\" src=\"\"><strong>REUNI\u00c3O VIRTUAL PARA JULGAMENTOS DE RECURSOS, A SER REALIZADA NO DIA 23 DE SETEMBRO <u>DE 2020<\/u>, COM IN\u00cdCIO \u00c0S 10:00,<\/strong><\/p>\n\n\n\n<p><img loading=\"lazy\" decoding=\"async\" width=\"264\" height=\"2\" src=\"\"><strong>Pauta de Julgamentos \u2013 Sess\u00e3o Virtual<\/strong><\/p>\n\n\n\n<p><strong>(Art. 15, \u00a7 3\u00ba, da Lei n\u00ba 2.228\/2005, Art. 76 do Decreto n\u00ba 9.735\/2005 e Art. 4\u00ba da Resolu\u00e7\u00e3o n\u00ba 01\/2020 do Conselho de Contribuintes do Munic\u00edpio de Niter\u00f3i)<\/strong><\/p>\n\n\n\n<p>&nbsp;<strong>\u25ba <\/strong><strong><u>1212\u00aa Sess\u00e3o Ordin\u00e1ria:<\/u><\/strong><strong><\/strong><\/p>\n\n\n\n<p><strong>PROCESSO: 030\/026271\/18<\/strong><\/p>\n\n\n\n<p>RECORRENTE: CONDOM\u00cdNIO DO EDIF\u00cdCIO CIDADE DE LISBOA RECORRIDO: SECRETARIA MUNICIPAL DE FAZENDA CONSELHEIRO\/RELATOR: M\u00c1RCIO MATEUS DE MACEDO<\/p>\n\n\n\n<h5 class=\"wp-block-heading\"><strong>PROCESSO: 030\/025307\/18<\/strong><\/h5>\n\n\n\n<p>RECORRENTE: SECRETARIA MUNICIPAL DE FAZENDA RECORRIDO: SOTER SOCIEDADE T\u00c9CNICA DE ENGENHARIA S\/A CONSELHEIRO\/RELATOR: CARLOS MAURO NAYLOR<\/p>\n\n\n\n<h5 class=\"wp-block-heading\"><strong>PROCESSO: 030\/024876\/18<\/strong><\/h5>\n\n\n\n<p>RECORRENTE: ANA CAROLINA NADER VASCONCELOS RECORRIDO: SECRETARIA MUNICIPAL DE FAZENDA CONSELHEIRO\/RELATOR: LUIZ FELIPE CARREIRA MARQUES CONSELHEIRO\/REVISOR: CARLOS MAURO NAYLOR<\/p>\n\n\n\n<h5 class=\"wp-block-heading\"><strong>PROCESSO: 030\/033175\/19<\/strong><\/h5>\n\n\n\n<p>RECORRENTE: SECRETARIA MUNICIPAL DE FAZENDA RECORRIDO: KONCEITO WXX STUDIO DE BELEZA LTDA<\/p>\n\n\n\n<p>CONSELHEIRO\/RELATOR: PAULINO GON\u00c7ALVES MOREIRA LEITE FILHO<\/p>\n\n\n\n<p>&nbsp;<strong>\u25ba <\/strong><strong><u>1213\u00aa Sess\u00e3o Ordin\u00e1ria:<\/u><\/strong><strong><\/strong><\/p>\n\n\n\n<p><strong>PROCESSO: 030\/025069\/18<\/strong><\/p>\n\n\n\n<p>RECORRENTE: CAIXA ECON\u00d4MICA FEDERAL RECORRIDO: SECRETARIA MUNICIPAL DE FAZENDA CONSELHEIRO\/RELATOR: MANOEL ALVES JUNIOR<\/p>\n\n\n\n<h5 class=\"wp-block-heading\"><strong>PROCESSO: 030\/025071\/18<\/strong><\/h5>\n\n\n\n<p>RECORRENTE: CAIXA ECON\u00d4MICA FEDERAL RECORRIDO: SECRETARIA MUNICIPAL DE FAZENDA CONSELHEIRO\/RELATOR: MANOEL ALVES JUNIOR<\/p>\n\n\n\n<h5 class=\"wp-block-heading\"><strong>PROCESSO: 030\/007774\/20<\/strong><\/h5>\n\n\n\n<p>RECORRENTE: SECRETARIA MUNICIPAL DE FAZENDA RECORRIDO: GIOVANI BIASOTTO<\/p>\n\n\n\n<p>CONSELHEIRO\/RELATOR: ROBERTO PEDREIRA FERREIRA CURI<\/p>\n\n\n\n<h5 class=\"wp-block-heading\"><strong>PROCESSO: 030\/007857\/20<\/strong><\/h5>\n\n\n\n<p>RECORRENTE: SECRETARIA MUNICIPAL DE FAZENDA RECORRIDO: GUSTAVO HENRIQUE R. DA COSTA<\/p>\n\n\n\n<p>CONSELHEIRO\/RELATOR: PAULINO GON\u00c7ALVES MOREIRA LEITE FILHO<\/p>\n\n\n\n<h4 class=\"has-text-align-center wp-block-heading\">FCCN, EM 18 DE SETEMBRO DE 2020.<\/h4>\n\n\n\n<p><\/p>\n","protected":false},"excerpt":{"rendered":"<p>PREFEITURA MUNICIPAL DE NITER\u00d3I CONSELHO DE CONTRIBUINTES DO MUNIC\u00cdPIO DE NITER\u00d3I \u2013 FCCN REUNI\u00c3O VIRTUAL PARA JULGAMENTOS DE RECURSOS, A SER REALIZADA NO DIA 23 DE SETEMBRO DE 2020, COM [&hellip;]<\/p>\n","protected":false},"author":4,"featured_media":911,"comment_status":"closed","ping_status":"closed","sticky":false,"template":"","format":"standard","meta":{"_et_pb_use_builder":"off","_et_pb_old_content":"","_et_gb_content_width":"","_usar_header_alternativo":false,"footnotes":""},"categories":[126,132],"tags":[],"class_list":["post-11065","post","type-post","status-publish","format-standard","has-post-thumbnail","hentry","category-ccn","category-pautas","et-has-post-format-content","et_post_format-et-post-format-standard"],"_links":{"self":[{"href":"https:\/\/www.fazenda.niteroi.rj.gov.br\/site\/wp-json\/wp\/v2\/posts\/11065","targetHints":{"allow":["GET"]}}],"collection":[{"href":"https:\/\/www.fazenda.niteroi.rj.gov.br\/site\/wp-json\/wp\/v2\/posts"}],"about":[{"href":"https:\/\/www.fazenda.niteroi.rj.gov.br\/site\/wp-json\/wp\/v2\/types\/post"}],"author":[{"embeddable":true,"href":"https:\/\/www.fazenda.niteroi.rj.gov.br\/site\/wp-json\/wp\/v2\/users\/4"}],"replies":[{"embeddable":true,"href":"https:\/\/www.fazenda.niteroi.rj.gov.br\/site\/wp-json\/wp\/v2\/comments?post=11065"}],"version-history":[{"count":0,"href":"https:\/\/www.fazenda.niteroi.rj.gov.br\/site\/wp-json\/wp\/v2\/posts\/11065\/revisions"}],"wp:featuredmedia":[{"embeddable":true,"href":"https:\/\/www.fazenda.niteroi.rj.gov.br\/site\/wp-json\/wp\/v2\/media\/911"}],"wp:attachment":[{"href":"https:\/\/www.fazenda.niteroi.rj.gov.br\/site\/wp-json\/wp\/v2\/media?parent=11065"}],"wp:term":[{"taxonomy":"category","embeddable":true,"href":"https:\/\/www.fazenda.niteroi.rj.gov.br\/site\/wp-json\/wp\/v2\/categories?post=11065"},{"taxonomy":"post_tag","embeddable":true,"href":"https:\/\/www.fazenda.niteroi.rj.gov.br\/site\/wp-json\/wp\/v2\/tags?post=11065"}],"curies":[{"name":"wp","href":"https:\/\/api.w.org\/{rel}","templated":true}]}}