{"id":12231,"date":"2021-01-11T16:07:32","date_gmt":"2021-01-11T19:07:32","guid":{"rendered":"https:\/\/fazenda.niteroi.rj.gov.br\/site\/?p=12231"},"modified":"2021-01-11T16:18:27","modified_gmt":"2021-01-11T19:18:27","slug":"pauta-de-julgamento-sessao-virtual-dia-11-de-janeiro-de-2021","status":"publish","type":"post","link":"https:\/\/www.fazenda.niteroi.rj.gov.br\/site\/pauta-de-julgamento-sessao-virtual-dia-11-de-janeiro-de-2021\/","title":{"rendered":"PAUTA DE JULGAMENTO \u2013 SESS\u00c3O VIRTUAL DIA 13 DE JANEIRO DE 2021."},"content":{"rendered":"\n<div class=\"wp-block-image\"><figure class=\"aligncenter size-large is-resized\"><a href=\"https:\/\/fazenda.niteroi.rj.gov.br\/site\/wp-content\/uploads\/2020\/01\/Brasao-Niteroi-1200x720-1.jpg\"><img loading=\"lazy\" decoding=\"async\" src=\"https:\/\/fazenda.niteroi.rj.gov.br\/site\/wp-content\/uploads\/2020\/01\/Brasao-Niteroi-1200x720-1-600x360.jpg\" alt=\"Bras\u00e3o de Niter\u00f3i\" class=\"wp-image-8812\" width=\"206\" height=\"124\" srcset=\"https:\/\/www.fazenda.niteroi.rj.gov.br\/site\/wp-content\/uploads\/2020\/01\/Brasao-Niteroi-1200x720-1-600x360.jpg 600w, https:\/\/www.fazenda.niteroi.rj.gov.br\/site\/wp-content\/uploads\/2020\/01\/Brasao-Niteroi-1200x720-1-400x240.jpg 400w, https:\/\/www.fazenda.niteroi.rj.gov.br\/site\/wp-content\/uploads\/2020\/01\/Brasao-Niteroi-1200x720-1-768x461.jpg 768w, https:\/\/www.fazenda.niteroi.rj.gov.br\/site\/wp-content\/uploads\/2020\/01\/Brasao-Niteroi-1200x720-1-1080x648.jpg 1080w, https:\/\/www.fazenda.niteroi.rj.gov.br\/site\/wp-content\/uploads\/2020\/01\/Brasao-Niteroi-1200x720-1-627x376.jpg 627w, https:\/\/www.fazenda.niteroi.rj.gov.br\/site\/wp-content\/uploads\/2020\/01\/Brasao-Niteroi-1200x720-1-440x264.jpg 440w, https:\/\/www.fazenda.niteroi.rj.gov.br\/site\/wp-content\/uploads\/2020\/01\/Brasao-Niteroi-1200x720-1.jpg 1200w\" sizes=\"auto, (max-width: 206px) 100vw, 206px\" \/><\/a><\/figure><\/div>\n\n\n\n<p><strong>PREFEITURA MUNICIPAL DE NITER\u00d3I<\/strong><\/p>\n\n\n\n<p><strong><u>CONSELHO DE CONTRIBUINTES DO MUNIC\u00cdPIO DE NITER\u00d3I \u2013 FCCN<\/u><\/strong><\/p>\n\n\n\n<p><strong>REUNI\u00c3O VIRTUAL PARA JULGAMENTOS DE RECURSOS, A SER REALIZADA NO DIA <u>13 DE JANEIRO DE 2021<\/u>, COM <u>IN\u00cdCIO \u00c0S 10:00<\/u>,<\/strong><\/p>\n\n\n\n<p><strong><u>Pauta de Julgamentos \u2013 Sess\u00e3o Virtual<\/u><\/strong><\/p>\n\n\n\n<p><strong>(Art. 15, \u00a7 3\u00ba, da Lei n\u00ba 2.228\/2005, Art. 76 do Decreto n\u00ba 9.735\/2005 e Art. 4\u00ba da Resolu\u00e7\u00e3o n\u00ba 01\/2020 do Conselho de Contribuintes do Munic\u00edpio de Niter\u00f3i)<\/strong><\/p>\n\n\n\n<p><strong><u>\u25ba <\/u><\/strong><strong><u>1227\u00aa Sess\u00e3o Ordin\u00e1ria:<\/u><\/strong><\/p>\n\n\n\n<p><strong>PROCESSO: 030\/000255\/19<\/strong><\/p>\n\n\n\n<p>RECORRENTE: ALFANAVE TRANSPORTES MAR\u00cdTIMOS LTDA<\/p>\n\n\n\n<p>RECORRIDO: SECRETARIA MUNICIPAL DE FAZENDA<\/p>\n\n\n\n<p>CONSELHEIRO\/RELATOR: EDUARDO SOBRAL TAVARES<\/p>\n\n\n\n<p>SUSTENTA\u00c7\u00c3O ORAL: DRA. M\u00c1RCIA BARBOSA \u2013 DR. LUIZ GUSTAVO<\/p>\n\n\n\n<p><strong>FCCN, EM 11 DE JANEIRO DE 2021.<\/strong><\/p>\n","protected":false},"excerpt":{"rendered":"<p>PREFEITURA MUNICIPAL DE NITER\u00d3I CONSELHO DE CONTRIBUINTES DO MUNIC\u00cdPIO DE NITER\u00d3I \u2013 FCCN REUNI\u00c3O VIRTUAL PARA JULGAMENTOS DE RECURSOS, A SER REALIZADA NO DIA 13 DE JANEIRO DE 2021, COM [&hellip;]<\/p>\n","protected":false},"author":4,"featured_media":911,"comment_status":"closed","ping_status":"closed","sticky":false,"template":"","format":"standard","meta":{"_et_pb_use_builder":"","_et_pb_old_content":"","_et_gb_content_width":"","_usar_header_alternativo":false,"footnotes":""},"categories":[126,132],"tags":[],"class_list":["post-12231","post","type-post","status-publish","format-standard","has-post-thumbnail","hentry","category-ccn","category-pautas","et-has-post-format-content","et_post_format-et-post-format-standard"],"_links":{"self":[{"href":"https:\/\/www.fazenda.niteroi.rj.gov.br\/site\/wp-json\/wp\/v2\/posts\/12231","targetHints":{"allow":["GET"]}}],"collection":[{"href":"https:\/\/www.fazenda.niteroi.rj.gov.br\/site\/wp-json\/wp\/v2\/posts"}],"about":[{"href":"https:\/\/www.fazenda.niteroi.rj.gov.br\/site\/wp-json\/wp\/v2\/types\/post"}],"author":[{"embeddable":true,"href":"https:\/\/www.fazenda.niteroi.rj.gov.br\/site\/wp-json\/wp\/v2\/users\/4"}],"replies":[{"embeddable":true,"href":"https:\/\/www.fazenda.niteroi.rj.gov.br\/site\/wp-json\/wp\/v2\/comments?post=12231"}],"version-history":[{"count":0,"href":"https:\/\/www.fazenda.niteroi.rj.gov.br\/site\/wp-json\/wp\/v2\/posts\/12231\/revisions"}],"wp:featuredmedia":[{"embeddable":true,"href":"https:\/\/www.fazenda.niteroi.rj.gov.br\/site\/wp-json\/wp\/v2\/media\/911"}],"wp:attachment":[{"href":"https:\/\/www.fazenda.niteroi.rj.gov.br\/site\/wp-json\/wp\/v2\/media?parent=12231"}],"wp:term":[{"taxonomy":"category","embeddable":true,"href":"https:\/\/www.fazenda.niteroi.rj.gov.br\/site\/wp-json\/wp\/v2\/categories?post=12231"},{"taxonomy":"post_tag","embeddable":true,"href":"https:\/\/www.fazenda.niteroi.rj.gov.br\/site\/wp-json\/wp\/v2\/tags?post=12231"}],"curies":[{"name":"wp","href":"https:\/\/api.w.org\/{rel}","templated":true}]}}