{"id":12301,"date":"2021-01-21T08:00:00","date_gmt":"2021-01-21T11:00:00","guid":{"rendered":"https:\/\/fazenda.niteroi.rj.gov.br\/site\/?p=12301"},"modified":"2021-01-20T15:37:32","modified_gmt":"2021-01-20T18:37:32","slug":"agenda-quinta-feira","status":"publish","type":"post","link":"https:\/\/www.fazenda.niteroi.rj.gov.br\/site\/agenda-quinta-feira\/","title":{"rendered":"AGENDA QUINTA-FEIRA"},"content":{"rendered":"\n<p class=\"has-black-color has-text-color\">09h30 Reuni\u00e3o: Associa\u00e7\u00e3o dos Fiscais<\/p>\n\n\n\n<p class=\"has-black-color has-text-color\">11h Reuni\u00e3o: Despachos internos<\/p>\n\n\n\n<p class=\"has-black-color has-text-color\">14h Reuni\u00e3o: CPFGF<\/p>\n\n\n\n<p class=\"has-black-color has-text-color\">16h Reuni\u00e3o: Despachos internos<\/p>\n\n\n\n<p class=\"has-black-color has-text-color\">17h Gabinete de Crise: Prefeito<\/p>\n\n\n\n<p class=\"has-black-color has-text-color\">18h Gabinete de Crise: Live<\/p>\n","protected":false},"excerpt":{"rendered":"<p>Agenda da Secret\u00e1ria Mar\u00edlia Ortiz nesta quinta, dia 21 de janeiro de 2021<\/p>\n","protected":false},"author":18,"featured_media":12299,"comment_status":"closed","ping_status":"closed","sticky":false,"template":"","format":"standard","meta":{"_et_pb_use_builder":"","_et_pb_old_content":"","_et_gb_content_width":"","_usar_header_alternativo":false,"footnotes":""},"categories":[394],"tags":[397,452],"class_list":["post-12301","post","type-post","status-publish","format-standard","has-post-thumbnail","hentry","category-agenda","tag-agenda-da-secretaria","tag-transparencia","et-has-post-format-content","et_post_format-et-post-format-standard"],"_links":{"self":[{"href":"https:\/\/www.fazenda.niteroi.rj.gov.br\/site\/wp-json\/wp\/v2\/posts\/12301","targetHints":{"allow":["GET"]}}],"collection":[{"href":"https:\/\/www.fazenda.niteroi.rj.gov.br\/site\/wp-json\/wp\/v2\/posts"}],"about":[{"href":"https:\/\/www.fazenda.niteroi.rj.gov.br\/site\/wp-json\/wp\/v2\/types\/post"}],"author":[{"embeddable":true,"href":"https:\/\/www.fazenda.niteroi.rj.gov.br\/site\/wp-json\/wp\/v2\/users\/18"}],"replies":[{"embeddable":true,"href":"https:\/\/www.fazenda.niteroi.rj.gov.br\/site\/wp-json\/wp\/v2\/comments?post=12301"}],"version-history":[{"count":0,"href":"https:\/\/www.fazenda.niteroi.rj.gov.br\/site\/wp-json\/wp\/v2\/posts\/12301\/revisions"}],"wp:featuredmedia":[{"embeddable":true,"href":"https:\/\/www.fazenda.niteroi.rj.gov.br\/site\/wp-json\/wp\/v2\/media\/12299"}],"wp:attachment":[{"href":"https:\/\/www.fazenda.niteroi.rj.gov.br\/site\/wp-json\/wp\/v2\/media?parent=12301"}],"wp:term":[{"taxonomy":"category","embeddable":true,"href":"https:\/\/www.fazenda.niteroi.rj.gov.br\/site\/wp-json\/wp\/v2\/categories?post=12301"},{"taxonomy":"post_tag","embeddable":true,"href":"https:\/\/www.fazenda.niteroi.rj.gov.br\/site\/wp-json\/wp\/v2\/tags?post=12301"}],"curies":[{"name":"wp","href":"https:\/\/api.w.org\/{rel}","templated":true}]}}