{"id":12542,"date":"2021-02-02T08:47:48","date_gmt":"2021-02-02T11:47:48","guid":{"rendered":"https:\/\/fazenda.niteroi.rj.gov.br\/site\/?p=12542"},"modified":"2021-02-02T08:47:50","modified_gmt":"2021-02-02T11:47:50","slug":"agenda-terca-feira-02-02","status":"publish","type":"post","link":"https:\/\/www.fazenda.niteroi.rj.gov.br\/site\/agenda-terca-feira-02-02\/","title":{"rendered":"AGENDA TER\u00c7A-FEIRA 02\/02"},"content":{"rendered":"\n<p class=\"has-black-color has-text-color\">11h30 &nbsp;Reuni\u00e3o: Pacto de Gest\u00e3o<\/p>\n\n\n\n<p class=\"has-black-color has-text-color\">14h&nbsp; Reuni\u00e3o: ASCOM<\/p>\n\n\n\n<p class=\"has-black-color has-text-color\">15h Reuni\u00e3o: Despachos internos<\/p>\n\n\n\n<p class=\"has-black-color has-text-color\">15h30 Reuni\u00e3o: Despachos internos<\/p>\n","protected":false},"excerpt":{"rendered":"<p>Agenda da Secret\u00e1ria Mar\u00edlia Ortiz nesta ter\u00e7a, dia 02 de fevereiro de 2021<\/p>\n","protected":false},"author":18,"featured_media":12299,"comment_status":"closed","ping_status":"closed","sticky":false,"template":"","format":"standard","meta":{"_et_pb_use_builder":"","_et_pb_old_content":"","_et_gb_content_width":"","_usar_header_alternativo":false,"footnotes":""},"categories":[394],"tags":[397,452],"class_list":["post-12542","post","type-post","status-publish","format-standard","has-post-thumbnail","hentry","category-agenda","tag-agenda-da-secretaria","tag-transparencia","et-has-post-format-content","et_post_format-et-post-format-standard"],"_links":{"self":[{"href":"https:\/\/www.fazenda.niteroi.rj.gov.br\/site\/wp-json\/wp\/v2\/posts\/12542","targetHints":{"allow":["GET"]}}],"collection":[{"href":"https:\/\/www.fazenda.niteroi.rj.gov.br\/site\/wp-json\/wp\/v2\/posts"}],"about":[{"href":"https:\/\/www.fazenda.niteroi.rj.gov.br\/site\/wp-json\/wp\/v2\/types\/post"}],"author":[{"embeddable":true,"href":"https:\/\/www.fazenda.niteroi.rj.gov.br\/site\/wp-json\/wp\/v2\/users\/18"}],"replies":[{"embeddable":true,"href":"https:\/\/www.fazenda.niteroi.rj.gov.br\/site\/wp-json\/wp\/v2\/comments?post=12542"}],"version-history":[{"count":0,"href":"https:\/\/www.fazenda.niteroi.rj.gov.br\/site\/wp-json\/wp\/v2\/posts\/12542\/revisions"}],"wp:featuredmedia":[{"embeddable":true,"href":"https:\/\/www.fazenda.niteroi.rj.gov.br\/site\/wp-json\/wp\/v2\/media\/12299"}],"wp:attachment":[{"href":"https:\/\/www.fazenda.niteroi.rj.gov.br\/site\/wp-json\/wp\/v2\/media?parent=12542"}],"wp:term":[{"taxonomy":"category","embeddable":true,"href":"https:\/\/www.fazenda.niteroi.rj.gov.br\/site\/wp-json\/wp\/v2\/categories?post=12542"},{"taxonomy":"post_tag","embeddable":true,"href":"https:\/\/www.fazenda.niteroi.rj.gov.br\/site\/wp-json\/wp\/v2\/tags?post=12542"}],"curies":[{"name":"wp","href":"https:\/\/api.w.org\/{rel}","templated":true}]}}