{"id":12993,"date":"2021-03-02T08:00:00","date_gmt":"2021-03-02T11:00:00","guid":{"rendered":"https:\/\/fazenda.niteroi.rj.gov.br\/site\/?p=12993"},"modified":"2021-03-01T10:55:20","modified_gmt":"2021-03-01T13:55:20","slug":"agenda-terca-feira-02-03","status":"publish","type":"post","link":"https:\/\/www.fazenda.niteroi.rj.gov.br\/site\/agenda-terca-feira-02-03\/","title":{"rendered":"AGENDA TER\u00c7A-FEIRA 02\/03"},"content":{"rendered":"\n<p class=\"has-black-color has-text-color\">09h\u00a0 Reuni\u00e3o: Associa\u00e7\u00e3o de fiscais<\/p>\n\n\n\n<p class=\"has-black-color has-text-color\">11h Reuni\u00e3o: Despachos internos<\/p>\n\n\n\n<p class=\"has-black-color has-text-color\">13h Reuni\u00e3o: Despachos internos \/ Procurador<\/p>\n\n\n\n<p class=\"has-black-color has-text-color\">14h Reuni\u00e3o: Empresa Cidad\u00e3<\/p>\n\n\n\n<p class=\"has-black-color has-text-color\">14h30 Reuni\u00e3o: Estrutura\u00e7\u00e3o do PAF<\/p>\n\n\n\n<p class=\"has-black-color has-text-color\">16h Reuni\u00e3o: BID<\/p>\n","protected":false},"excerpt":{"rendered":"<p>Agenda da Secret\u00e1ria Mar\u00edlia Ortiz nesta ter\u00e7a, dia 02 de mar\u00e7o de 2021<\/p>\n","protected":false},"author":18,"featured_media":12299,"comment_status":"closed","ping_status":"closed","sticky":false,"template":"","format":"standard","meta":{"_et_pb_use_builder":"","_et_pb_old_content":"","_et_gb_content_width":"","_usar_header_alternativo":false,"footnotes":""},"categories":[394],"tags":[397,452],"class_list":["post-12993","post","type-post","status-publish","format-standard","has-post-thumbnail","hentry","category-agenda","tag-agenda-da-secretaria","tag-transparencia","et-has-post-format-content","et_post_format-et-post-format-standard"],"_links":{"self":[{"href":"https:\/\/www.fazenda.niteroi.rj.gov.br\/site\/wp-json\/wp\/v2\/posts\/12993","targetHints":{"allow":["GET"]}}],"collection":[{"href":"https:\/\/www.fazenda.niteroi.rj.gov.br\/site\/wp-json\/wp\/v2\/posts"}],"about":[{"href":"https:\/\/www.fazenda.niteroi.rj.gov.br\/site\/wp-json\/wp\/v2\/types\/post"}],"author":[{"embeddable":true,"href":"https:\/\/www.fazenda.niteroi.rj.gov.br\/site\/wp-json\/wp\/v2\/users\/18"}],"replies":[{"embeddable":true,"href":"https:\/\/www.fazenda.niteroi.rj.gov.br\/site\/wp-json\/wp\/v2\/comments?post=12993"}],"version-history":[{"count":0,"href":"https:\/\/www.fazenda.niteroi.rj.gov.br\/site\/wp-json\/wp\/v2\/posts\/12993\/revisions"}],"wp:featuredmedia":[{"embeddable":true,"href":"https:\/\/www.fazenda.niteroi.rj.gov.br\/site\/wp-json\/wp\/v2\/media\/12299"}],"wp:attachment":[{"href":"https:\/\/www.fazenda.niteroi.rj.gov.br\/site\/wp-json\/wp\/v2\/media?parent=12993"}],"wp:term":[{"taxonomy":"category","embeddable":true,"href":"https:\/\/www.fazenda.niteroi.rj.gov.br\/site\/wp-json\/wp\/v2\/categories?post=12993"},{"taxonomy":"post_tag","embeddable":true,"href":"https:\/\/www.fazenda.niteroi.rj.gov.br\/site\/wp-json\/wp\/v2\/tags?post=12993"}],"curies":[{"name":"wp","href":"https:\/\/api.w.org\/{rel}","templated":true}]}}