{"id":13410,"date":"2021-03-18T09:00:03","date_gmt":"2021-03-18T12:00:03","guid":{"rendered":"https:\/\/fazenda.niteroi.rj.gov.br\/site\/?p=13410"},"modified":"2021-03-18T12:56:23","modified_gmt":"2021-03-18T15:56:23","slug":"agenda-quinta-feira-18-03","status":"publish","type":"post","link":"https:\/\/www.fazenda.niteroi.rj.gov.br\/site\/agenda-quinta-feira-18-03\/","title":{"rendered":"AGENDA QUINTA-FEIRA 18\/03"},"content":{"rendered":"\n<p class=\"has-black-color has-text-color\">09h&nbsp; Reuni\u00e3o: Casos de transforma\u00e7\u00e3o digital em BH e Curitiba<\/p>\n\n\n\n<p class=\"has-black-color has-text-color\">11h&nbsp; Webinar &#8220;Os Caminhos da Pol\u00edtica Fiscal&#8221;<\/p>\n\n\n\n<p class=\"has-black-color has-text-color\">11h30 Reuni\u00e3o: prorroga\u00e7\u00e3o dos Aux\u00edlios Covid 19<\/p>\n\n\n\n<p class=\"has-black-color has-text-color\">14h Reuni\u00e3o: Planta CAC<\/p>\n\n\n\n<p class=\"has-black-color has-text-color\">16h Gabinete de Crise: Prefeito<\/p>\n\n\n\n<p class=\"has-black-color has-text-color\">17h Gabinete de Crise: Live<\/p>\n","protected":false},"excerpt":{"rendered":"<p>Agenda da Secret\u00e1ria Mar\u00edlia Ortiz nesta quinta, dia 18 de mar\u00e7o de 2021<\/p>\n","protected":false},"author":18,"featured_media":12299,"comment_status":"closed","ping_status":"closed","sticky":false,"template":"","format":"standard","meta":{"_et_pb_use_builder":"","_et_pb_old_content":"","_et_gb_content_width":"","_usar_header_alternativo":false,"footnotes":""},"categories":[394],"tags":[397,452],"class_list":["post-13410","post","type-post","status-publish","format-standard","has-post-thumbnail","hentry","category-agenda","tag-agenda-da-secretaria","tag-transparencia","et-has-post-format-content","et_post_format-et-post-format-standard"],"_links":{"self":[{"href":"https:\/\/www.fazenda.niteroi.rj.gov.br\/site\/wp-json\/wp\/v2\/posts\/13410","targetHints":{"allow":["GET"]}}],"collection":[{"href":"https:\/\/www.fazenda.niteroi.rj.gov.br\/site\/wp-json\/wp\/v2\/posts"}],"about":[{"href":"https:\/\/www.fazenda.niteroi.rj.gov.br\/site\/wp-json\/wp\/v2\/types\/post"}],"author":[{"embeddable":true,"href":"https:\/\/www.fazenda.niteroi.rj.gov.br\/site\/wp-json\/wp\/v2\/users\/18"}],"replies":[{"embeddable":true,"href":"https:\/\/www.fazenda.niteroi.rj.gov.br\/site\/wp-json\/wp\/v2\/comments?post=13410"}],"version-history":[{"count":0,"href":"https:\/\/www.fazenda.niteroi.rj.gov.br\/site\/wp-json\/wp\/v2\/posts\/13410\/revisions"}],"wp:featuredmedia":[{"embeddable":true,"href":"https:\/\/www.fazenda.niteroi.rj.gov.br\/site\/wp-json\/wp\/v2\/media\/12299"}],"wp:attachment":[{"href":"https:\/\/www.fazenda.niteroi.rj.gov.br\/site\/wp-json\/wp\/v2\/media?parent=13410"}],"wp:term":[{"taxonomy":"category","embeddable":true,"href":"https:\/\/www.fazenda.niteroi.rj.gov.br\/site\/wp-json\/wp\/v2\/categories?post=13410"},{"taxonomy":"post_tag","embeddable":true,"href":"https:\/\/www.fazenda.niteroi.rj.gov.br\/site\/wp-json\/wp\/v2\/tags?post=13410"}],"curies":[{"name":"wp","href":"https:\/\/api.w.org\/{rel}","templated":true}]}}