{"id":1567,"date":"2016-09-02T10:26:03","date_gmt":"2016-09-02T13:26:03","guid":{"rendered":"http:\/\/fazenda.niteroi.rj.gov.br\/site\/?p=1567"},"modified":"2016-09-02T13:17:20","modified_gmt":"2016-09-02T16:17:20","slug":"smf-na-midia","status":"publish","type":"post","link":"https:\/\/www.fazenda.niteroi.rj.gov.br\/site\/smf-na-midia\/","title":{"rendered":"SMF na m\u00eddia"},"content":{"rendered":"<p>O novo site da SMF ganhou destaque, ontem, nos jornais O Fluminense e O S\u00e3o Gon\u00e7alo.<\/p>\n<div id=\"attachment_1568\" style=\"width: 265px\" class=\"wp-caption alignleft\"><a href=\"http:\/\/fazenda.niteroi.rj.gov.br\/site\/wp-content\/uploads\/2016\/09\/o-flu.jpg\"><img loading=\"lazy\" decoding=\"async\" aria-describedby=\"caption-attachment-1568\" id=\"longdesc-return-1568\" class=\"wp-image-1568 size-medium\" tabindex=\"-1\" src=\"http:\/\/fazenda.niteroi.rj.gov.br\/site\/wp-content\/uploads\/2016\/09\/o-flu-255x300.jpg\" alt=\"Mat\u00e9ria do jornal O Fluminense\" width=\"255\" height=\"300\" longdesc=\"http:\/\/fazenda.niteroi.rj.gov.br\/site?longdesc=1568&amp;referrer=1567\" srcset=\"https:\/\/www.fazenda.niteroi.rj.gov.br\/site\/wp-content\/uploads\/2016\/09\/o-flu-255x300.jpg 255w, https:\/\/www.fazenda.niteroi.rj.gov.br\/site\/wp-content\/uploads\/2016\/09\/o-flu-511x600.jpg 511w, https:\/\/www.fazenda.niteroi.rj.gov.br\/site\/wp-content\/uploads\/2016\/09\/o-flu.jpg 659w\" sizes=\"auto, (max-width: 255px) 100vw, 255px\" \/><\/a><p id=\"caption-attachment-1568\" class=\"wp-caption-text\">Jornal O Fluminense, de 01 de setembro de 2016. P\u00e1gina 4. Clique para ampliar.<\/p><\/div>\n<div id=\"attachment_1569\" style=\"width: 180px\" class=\"wp-caption alignleft\"><a href=\"http:\/\/fazenda.niteroi.rj.gov.br\/site\/wp-content\/uploads\/2016\/09\/sao.jpg\"><img loading=\"lazy\" decoding=\"async\" aria-describedby=\"caption-attachment-1569\" class=\"wp-image-1569 size-medium\" src=\"http:\/\/fazenda.niteroi.rj.gov.br\/site\/wp-content\/uploads\/2016\/09\/sao-170x300.jpg\" alt=\"Jornal O S\u00e3o Gon\u00e7alo\" width=\"170\" height=\"300\" srcset=\"https:\/\/www.fazenda.niteroi.rj.gov.br\/site\/wp-content\/uploads\/2016\/09\/sao-170x300.jpg 170w, https:\/\/www.fazenda.niteroi.rj.gov.br\/site\/wp-content\/uploads\/2016\/09\/sao-340x600.jpg 340w, https:\/\/www.fazenda.niteroi.rj.gov.br\/site\/wp-content\/uploads\/2016\/09\/sao.jpg 609w\" sizes=\"auto, (max-width: 170px) 100vw, 170px\" \/><\/a><p id=\"caption-attachment-1569\" class=\"wp-caption-text\">Jornal O S\u00e3o Gon\u00e7alo, de 01 de setembro de 2016. P\u00e1gina 2. Clique para ampliar.<\/p><\/div>\n<p style=\"clear: both;\">\n","protected":false},"excerpt":{"rendered":"<p>O novo site da SMF ganhou destaque, ontem, nos jornais O Fluminense e O S\u00e3o Gon\u00e7alo.<\/p>\n","protected":false},"author":3,"featured_media":1568,"comment_status":"closed","ping_status":"closed","sticky":false,"template":"","format":"standard","meta":{"_et_pb_use_builder":"","_et_pb_old_content":"","_et_gb_content_width":"","_usar_header_alternativo":false,"footnotes":""},"categories":[10],"tags":[137,136,134,135],"class_list":["post-1567","post","type-post","status-publish","format-standard","has-post-thumbnail","hentry","category-noticias","tag-jornais","tag-midia","tag-o-fluminense","tag-o-sao-goncalo","et-has-post-format-content","et_post_format-et-post-format-standard"],"_links":{"self":[{"href":"https:\/\/www.fazenda.niteroi.rj.gov.br\/site\/wp-json\/wp\/v2\/posts\/1567","targetHints":{"allow":["GET"]}}],"collection":[{"href":"https:\/\/www.fazenda.niteroi.rj.gov.br\/site\/wp-json\/wp\/v2\/posts"}],"about":[{"href":"https:\/\/www.fazenda.niteroi.rj.gov.br\/site\/wp-json\/wp\/v2\/types\/post"}],"author":[{"embeddable":true,"href":"https:\/\/www.fazenda.niteroi.rj.gov.br\/site\/wp-json\/wp\/v2\/users\/3"}],"replies":[{"embeddable":true,"href":"https:\/\/www.fazenda.niteroi.rj.gov.br\/site\/wp-json\/wp\/v2\/comments?post=1567"}],"version-history":[{"count":0,"href":"https:\/\/www.fazenda.niteroi.rj.gov.br\/site\/wp-json\/wp\/v2\/posts\/1567\/revisions"}],"wp:featuredmedia":[{"embeddable":true,"href":"https:\/\/www.fazenda.niteroi.rj.gov.br\/site\/wp-json\/wp\/v2\/media\/1568"}],"wp:attachment":[{"href":"https:\/\/www.fazenda.niteroi.rj.gov.br\/site\/wp-json\/wp\/v2\/media?parent=1567"}],"wp:term":[{"taxonomy":"category","embeddable":true,"href":"https:\/\/www.fazenda.niteroi.rj.gov.br\/site\/wp-json\/wp\/v2\/categories?post=1567"},{"taxonomy":"post_tag","embeddable":true,"href":"https:\/\/www.fazenda.niteroi.rj.gov.br\/site\/wp-json\/wp\/v2\/tags?post=1567"}],"curies":[{"name":"wp","href":"https:\/\/api.w.org\/{rel}","templated":true}]}}