{"id":1590,"date":"2016-09-06T09:12:06","date_gmt":"2016-09-06T12:12:06","guid":{"rendered":"http:\/\/fazenda.niteroi.rj.gov.br\/site\/?p=1590"},"modified":"2017-04-11T14:24:56","modified_gmt":"2017-04-11T17:24:56","slug":"repasse-de-icms-para-a-cidade-tera-alta-em-2017","status":"publish","type":"post","link":"https:\/\/www.fazenda.niteroi.rj.gov.br\/site\/repasse-de-icms-para-a-cidade-tera-alta-em-2017\/","title":{"rendered":"Repasse de ICMS para a cidade ter\u00e1 alta em 2017"},"content":{"rendered":"<p style=\"text-align: left;\">Em 2017, o \u00cdndice de Participa\u00e7\u00e3o dos Munic\u00edpios (IPM) de Niter\u00f3i dever\u00e1 ser 18% superior ao \u00edndice de 2016, o que representa aumento do repasse de recursos oriundos do Imposto Sobre Circula\u00e7\u00e3o de Mercadorias e Presta\u00e7\u00e3o de Servi\u00e7os (ICMS). Tal incremento \u00e9 decorrente do trabalho de acompanhamento da DECLAN-IPM (Declara\u00e7\u00e3o Anual para o IPM \u00e9 o documento que se destina \u00e0 apura\u00e7\u00e3o do valor adicionado nas opera\u00e7\u00f5es de circula\u00e7\u00e3o e presta\u00e7\u00f5es de servi\u00e7os sujeitos \u00e0 incid\u00eancia do ICMS, realizadas no Estado) e da contrata\u00e7\u00e3o do Instituto Brasileiro de Desenvolvimento Institucional (IBRADI).<\/p>\n<p style=\"text-align: left;\">Na contram\u00e3o de Niter\u00f3i, grandes munic\u00edpios do Estado como Angra (-17,48), Maca\u00e9 (- 3,09) e Rio de Janeiro (- 2,69) tiveram queda nos repasses de ICMS, enquanto outras cidades como Duque de Caxias (+5,9) e Campos (+9,1) tiveram aumento t\u00edmido &#8211; ao comparar 2017 com 2016.<\/p>\n<p>Somente nos primeiros oito meses deste ano, o Governo do Rio de Janeiro repassou aos cofres de Niter\u00f3i R$ 142.321,356,12 milh\u00f5es, distribu\u00eddos de acordo com o IPM do munic\u00edpio. A estimativa \u00e9 que at\u00e9 o final do ano, Niter\u00f3i arrecade 39,7% a mais, ao confrontar com o valor arrecadado em 2013.<\/p>\n<p>\u201cCrescimento baixo, infla\u00e7\u00e3o acima do teto da meta, juro alto, c\u00e2mbio disparando e investidores pessimistas. O momento de aperto traz a necessidade de mudan\u00e7as e nos obriga a revisar o pr\u00f3prio trabalho e as informa\u00e7\u00f5es que temos \u00e0 disposi\u00e7\u00e3o. Mesmo que a arrecada\u00e7\u00e3o de ICMS do Estado n\u00e3o esteja crescendo, o repasse para nosso munic\u00edpio est\u00e1 aumentando em 18% . Resultado de um trabalho mais t\u00e9cnico de acompanhamento, procurando novas receitas e at\u00e9 inconsist\u00eancias nas declara\u00e7\u00f5es prestadas pelos contribuintes. Crises tamb\u00e9m s\u00e3o oportunidades&#8221;, \u00a0esclareceu o Secret\u00e1rio de Fazenda C\u00e9sar Augusto Barbiero.<\/p>\n<p>O \u00edndice foi divulgado pela Secretaria de Fazenda do Estado do Rio de Janeiro (SEFAZ-RJ) no dia 1 de setembro, por meio do Di\u00e1rio Oficial do Estado do Rio de Janeiro (DOERJ). O IPM \u00e9 de extrema import\u00e2ncia para o planejamento or\u00e7ament\u00e1rio e para a consecu\u00e7\u00e3o de pol\u00edticas p\u00fablicas do munic\u00edpio, uma vez que define o percentual que cada munic\u00edpio far\u00e1 jus na distribui\u00e7\u00e3o do ICMS arrecadado, no exerc\u00edcio seguinte ao da apura\u00e7\u00e3o. Ou seja, ao longo de 2017.<\/p>\n<div id=\"attachment_1592\" style=\"width: 410px\" class=\"wp-caption aligncenter\"><a href=\"http:\/\/fazenda.niteroi.rj.gov.br\/site\/wp-content\/uploads\/2016\/09\/Grafico-IPM-ICMS-indices-de-Niteroi.jpg\"><img loading=\"lazy\" decoding=\"async\" aria-describedby=\"caption-attachment-1592\" class=\"wp-image-1592 size-medium\" src=\"http:\/\/fazenda.niteroi.rj.gov.br\/site\/wp-content\/uploads\/2016\/09\/Grafico-IPM-ICMS-indices-de-Niteroi-400x240.jpg\" alt=\"Evolu\u00e7\u00e3o do IPM-ICMS de 2009 a 2017. Clique para ampliar.\" width=\"400\" height=\"240\" srcset=\"https:\/\/www.fazenda.niteroi.rj.gov.br\/site\/wp-content\/uploads\/2016\/09\/Grafico-IPM-ICMS-indices-de-Niteroi-400x240.jpg 400w, https:\/\/www.fazenda.niteroi.rj.gov.br\/site\/wp-content\/uploads\/2016\/09\/Grafico-IPM-ICMS-indices-de-Niteroi.jpg 768w, https:\/\/www.fazenda.niteroi.rj.gov.br\/site\/wp-content\/uploads\/2016\/09\/Grafico-IPM-ICMS-indices-de-Niteroi-600x360.jpg 600w, https:\/\/www.fazenda.niteroi.rj.gov.br\/site\/wp-content\/uploads\/2016\/09\/Grafico-IPM-ICMS-indices-de-Niteroi-627x376.jpg 627w, https:\/\/www.fazenda.niteroi.rj.gov.br\/site\/wp-content\/uploads\/2016\/09\/Grafico-IPM-ICMS-indices-de-Niteroi-440x264.jpg 440w\" sizes=\"auto, (max-width: 400px) 100vw, 400px\" \/><\/a><p id=\"caption-attachment-1592\" class=\"wp-caption-text\">Evolu\u00e7\u00e3o do IPM-ICMS de 2009 a 2017. Clique para ampliar.<\/p><\/div>\n<p>&nbsp;<\/p>\n<div id=\"attachment_1593\" style=\"width: 410px\" class=\"wp-caption aligncenter\"><a href=\"http:\/\/fazenda.niteroi.rj.gov.br\/site\/wp-content\/uploads\/2016\/09\/Grafico-IPM-ICMS-variacao-1.jpg\"><img loading=\"lazy\" decoding=\"async\" aria-describedby=\"caption-attachment-1593\" class=\"wp-image-1593 size-medium\" src=\"http:\/\/fazenda.niteroi.rj.gov.br\/site\/wp-content\/uploads\/2016\/09\/Grafico-IPM-ICMS-variacao-1-400x240.jpg\" alt=\"Comparativo da varia\u00e7\u00e3o do IPM entre Munic\u00edpios do Estado do Rio de Janeiro. Clique para ampliar.\" width=\"400\" height=\"240\" srcset=\"https:\/\/www.fazenda.niteroi.rj.gov.br\/site\/wp-content\/uploads\/2016\/09\/Grafico-IPM-ICMS-variacao-1-400x240.jpg 400w, https:\/\/www.fazenda.niteroi.rj.gov.br\/site\/wp-content\/uploads\/2016\/09\/Grafico-IPM-ICMS-variacao-1.jpg 768w, https:\/\/www.fazenda.niteroi.rj.gov.br\/site\/wp-content\/uploads\/2016\/09\/Grafico-IPM-ICMS-variacao-1-600x360.jpg 600w, https:\/\/www.fazenda.niteroi.rj.gov.br\/site\/wp-content\/uploads\/2016\/09\/Grafico-IPM-ICMS-variacao-1-627x376.jpg 627w, https:\/\/www.fazenda.niteroi.rj.gov.br\/site\/wp-content\/uploads\/2016\/09\/Grafico-IPM-ICMS-variacao-1-440x264.jpg 440w\" sizes=\"auto, (max-width: 400px) 100vw, 400px\" \/><\/a><p id=\"caption-attachment-1593\" class=\"wp-caption-text\">Comparativo da varia\u00e7\u00e3o do IPM entre Munic\u00edpios do Estado do Rio de Janeiro. Clique para ampliar.<\/p><\/div>\n<p style=\"text-align: center;\">\n","protected":false},"excerpt":{"rendered":"<p>Em 2017, o \u00cdndice de Participa\u00e7\u00e3o dos Munic\u00edpios (IPM) de Niter\u00f3i dever\u00e1 ser 18% superior ao \u00edndice de 2016, o que representa aumento do repasse de recursos oriundos do Imposto Sobre Circula\u00e7\u00e3o de Mercadorias e Presta\u00e7\u00e3o de Servi\u00e7os (ICMS). <\/p>\n","protected":false},"author":3,"featured_media":1657,"comment_status":"closed","ping_status":"closed","sticky":false,"template":"","format":"standard","meta":{"_et_pb_use_builder":"","_et_pb_old_content":"","_et_gb_content_width":"","_usar_header_alternativo":false,"footnotes":""},"categories":[10],"tags":[139,138],"class_list":["post-1590","post","type-post","status-publish","format-standard","has-post-thumbnail","hentry","category-noticias","tag-icms","tag-ipm","et-has-post-format-content","et_post_format-et-post-format-standard"],"_links":{"self":[{"href":"https:\/\/www.fazenda.niteroi.rj.gov.br\/site\/wp-json\/wp\/v2\/posts\/1590","targetHints":{"allow":["GET"]}}],"collection":[{"href":"https:\/\/www.fazenda.niteroi.rj.gov.br\/site\/wp-json\/wp\/v2\/posts"}],"about":[{"href":"https:\/\/www.fazenda.niteroi.rj.gov.br\/site\/wp-json\/wp\/v2\/types\/post"}],"author":[{"embeddable":true,"href":"https:\/\/www.fazenda.niteroi.rj.gov.br\/site\/wp-json\/wp\/v2\/users\/3"}],"replies":[{"embeddable":true,"href":"https:\/\/www.fazenda.niteroi.rj.gov.br\/site\/wp-json\/wp\/v2\/comments?post=1590"}],"version-history":[{"count":0,"href":"https:\/\/www.fazenda.niteroi.rj.gov.br\/site\/wp-json\/wp\/v2\/posts\/1590\/revisions"}],"wp:featuredmedia":[{"embeddable":true,"href":"https:\/\/www.fazenda.niteroi.rj.gov.br\/site\/wp-json\/wp\/v2\/media\/1657"}],"wp:attachment":[{"href":"https:\/\/www.fazenda.niteroi.rj.gov.br\/site\/wp-json\/wp\/v2\/media?parent=1590"}],"wp:term":[{"taxonomy":"category","embeddable":true,"href":"https:\/\/www.fazenda.niteroi.rj.gov.br\/site\/wp-json\/wp\/v2\/categories?post=1590"},{"taxonomy":"post_tag","embeddable":true,"href":"https:\/\/www.fazenda.niteroi.rj.gov.br\/site\/wp-json\/wp\/v2\/tags?post=1590"}],"curies":[{"name":"wp","href":"https:\/\/api.w.org\/{rel}","templated":true}]}}