{"id":16015,"date":"2021-04-30T11:46:21","date_gmt":"2021-04-30T14:46:21","guid":{"rendered":"https:\/\/fazenda.niteroi.rj.gov.br\/site\/?p=16015"},"modified":"2021-04-30T11:49:37","modified_gmt":"2021-04-30T14:49:37","slug":"premio-elas-da-smf-2021","status":"publish","type":"post","link":"https:\/\/www.fazenda.niteroi.rj.gov.br\/site\/premio-elas-da-smf-2021\/","title":{"rendered":"Pr\u00eamio Elas da SMF &#8211; 2021"},"content":{"rendered":"\n<figure class=\"wp-block-image\"><img decoding=\"async\" src=\"blob:https:\/\/outlook.live.com\/03ca30c5-f2d3-4ac3-9078-cd6456ed72d5\" alt=\"\"\/><\/figure>\n\n\n\n<p>A Secretaria Municipal de Fazenda \u2013 SMF premiou ontem (29) as dez melhores hist\u00f3rias sobre sororidade, empatia, equidade, justi\u00e7a, \u00e9tica e lideran\u00e7a inscritas no pr\u00eamio \u201cElas da SMF\u201d. A iniciativa busca registrar relatos inspiradores sobre as diferentes mulheres que trabalham na SMF e, assim, enaltecer a import\u00e2ncia dessas colaboradoras, valorizar suas hist\u00f3rias e incentivar a reflex\u00e3o de todos em rela\u00e7\u00e3o ao combate \u00e0s desigualdades de g\u00eanero e a promo\u00e7\u00e3o da diversidade no ambiente de trabalho.<\/p>\n\n\n\n<p>O evento contou com a participa\u00e7\u00e3o da Secret\u00e1ria de Fazenda Mar\u00edlia Ortiz, da Coordenadora de Pol\u00edticas e Direitos das Mulheres Fernanda Sixel, da Coordenadora da Escola de Governo e Gest\u00e3o Isabela de Jesus, al\u00e9m de v\u00e1rias secret\u00e1rias mulheres de Niter\u00f3i.<\/p>\n\n\n\n<p>As cinco mulheres homenageadas com a men\u00e7\u00e3o honrosa foram: Gabriela Soares (categoria \u00e9tica), Eduarda Cadena (categoria \u00e9tica), Isabella Caldas (categorias lideran\u00e7a e sororidade), Yasmim Monteiro (categoria justi\u00e7a) e Fabiola Campos (categoria empatia).<\/p>\n\n\n\n<p>J\u00e1 as cinco primeiras hist\u00f3rias, premiadas com uma tutoria em lideran\u00e7a em parceria com a Escola de Gest\u00e3o e Governo de Niter\u00f3i, Rep\u00fablica.Org e Vetor Brasil, organiza\u00e7\u00f5es refer\u00eancia em gest\u00e3o de pessoas no setor p\u00fablico, contaram a hist\u00f3ria das servidoras: Nilceia Duarte (categoria lideran\u00e7a), Isabel Gerbara (categoria \u00e9tica), Laryssa Sader (categorias lideran\u00e7a e empatia), Let\u00edcia Costa (categoria sororidade) e Nat\u00e1lia Cardoso (categoria empatia).<\/p>\n\n\n\n<p><strong>Ouvidoria da Mulher SMF<\/strong><strong><\/strong><\/p>\n\n\n\n<p>A <a href=\"https:\/\/fazenda.niteroi.rj.gov.br\/site\/ouvidoria-da-mulher-smf\/\" data-type=\"URL\" data-id=\"https:\/\/fazenda.niteroi.rj.gov.br\/site\/ouvidoria-da-mulher-smf\/\">Ouvidoria da Mulher da Secretaria Municipal de Fazenda &#8211; SMF<\/a>, que integra o Gabinete do \u00f3rg\u00e3o, disponibilizou ontem (29) um formul\u00e1rio eletr\u00f4nico como meio para que qualquer servidor da SMF denuncie casos de viol\u00eancia contra a mulher ou ###\u00e9dio ocorridas nas depend\u00eancias do \u00f3rg\u00e3o.<\/p>\n\n\n\n<p>Para cada uma das den\u00fancias que chegarem, a Ouvidoria da Mulher SMF cumprir\u00e1 seu papel de centralizar o recebimento das demandas, trat\u00e1-las e, quando necess\u00e1rio, encaminhar a outros \u00f3rg\u00e3os p\u00fablicos competentes.<\/p>\n\n\n\n<p>Al\u00e9m do novo formul\u00e1rio eletr\u00f4nico, a Ouvidoria da Mulher da SMF recebe demandas relacionadas \u00e0 viol\u00eancia contra a servidora por meio do canal exclusivo de atendimento: ouvidoriadamulher@fazenda.niteroi.rj.gov.br .<\/p>\n\n\n\n<p>Acesse, conhe\u00e7a e divulgue!<\/p>\n\n\n\n<p><strong>Guia De Boas Pr\u00e1ticas De Equidade De G\u00eanero Na Gest\u00e3o P\u00fablica<\/strong><strong><\/strong><\/p>\n\n\n\n<p>Durante a premia\u00e7\u00e3o da campanha \u201cElas da SMF\u201d, o Departamento de Desenvolvimento Institucional da SMF tamb\u00e9m divulgou o <a href=\"https:\/\/fazenda.niteroi.rj.gov.br\/site\/wp-content\/uploads\/2021\/04\/GUIA-DE-BOAS-PRATICAS-DE-EQUIDADE-DE-GeNERO-NA-GESTAO-PUBLICA.pdf\" data-type=\"URL\" data-id=\"https:\/\/fazenda.niteroi.rj.gov.br\/site\/wp-content\/uploads\/2021\/04\/GUIA-DE-BOAS-PRATICAS-DE-EQUIDADE-DE-GeNERO-NA-GESTAO-PUBLICA.pdf\">Guia De Boas Pr\u00e1ticas De Equidade De G\u00eanero Na Gest\u00e3o P\u00fablica<\/a>. A publica\u00e7\u00e3o pretende oferecer \u00e0s (aos) servidoras (es) do \u00f3rg\u00e3o recomenda\u00e7\u00f5es de pr\u00e1ticas de gest\u00e3o que permitam fortalecer a igualdade de g\u00eanero na gest\u00e3o.<\/p>\n\n\n\n<p>As dicas est\u00e3o separadas em duas grandes sess\u00f5es: como nossas (os) gestores podem ajudar a fortalecer a equidade de g\u00eanero na gest\u00e3o p\u00fablica; e como as mulheres podem enfrentar a desigualdade de g\u00eanero no ambiente de trabalho.<\/p>\n\n\n\n<p>Leia e divulgue!<\/p>\n\n\n\n<p><\/p>\n","protected":false},"excerpt":{"rendered":"<p>A Secretaria Municipal de Fazenda \u2013 SMF premiou ontem (29) as dez melhores hist\u00f3rias sobre sororidade, empatia, equidade, justi\u00e7a, \u00e9tica e lideran\u00e7a inscritas no pr\u00eamio \u201cElas da SMF\u201d. <\/p>\n","protected":false},"author":3,"featured_media":16029,"comment_status":"closed","ping_status":"closed","sticky":false,"template":"","format":"standard","meta":{"_et_pb_use_builder":"","_et_pb_old_content":"","_et_gb_content_width":"","_usar_header_alternativo":false,"footnotes":""},"categories":[10],"tags":[513,512],"class_list":["post-16015","post","type-post","status-publish","format-standard","has-post-thumbnail","hentry","category-noticias","tag-equidade-de-genero","tag-ouvidoria-da-mulher","et-has-post-format-content","et_post_format-et-post-format-standard"],"_links":{"self":[{"href":"https:\/\/www.fazenda.niteroi.rj.gov.br\/site\/wp-json\/wp\/v2\/posts\/16015","targetHints":{"allow":["GET"]}}],"collection":[{"href":"https:\/\/www.fazenda.niteroi.rj.gov.br\/site\/wp-json\/wp\/v2\/posts"}],"about":[{"href":"https:\/\/www.fazenda.niteroi.rj.gov.br\/site\/wp-json\/wp\/v2\/types\/post"}],"author":[{"embeddable":true,"href":"https:\/\/www.fazenda.niteroi.rj.gov.br\/site\/wp-json\/wp\/v2\/users\/3"}],"replies":[{"embeddable":true,"href":"https:\/\/www.fazenda.niteroi.rj.gov.br\/site\/wp-json\/wp\/v2\/comments?post=16015"}],"version-history":[{"count":0,"href":"https:\/\/www.fazenda.niteroi.rj.gov.br\/site\/wp-json\/wp\/v2\/posts\/16015\/revisions"}],"wp:featuredmedia":[{"embeddable":true,"href":"https:\/\/www.fazenda.niteroi.rj.gov.br\/site\/wp-json\/wp\/v2\/media\/16029"}],"wp:attachment":[{"href":"https:\/\/www.fazenda.niteroi.rj.gov.br\/site\/wp-json\/wp\/v2\/media?parent=16015"}],"wp:term":[{"taxonomy":"category","embeddable":true,"href":"https:\/\/www.fazenda.niteroi.rj.gov.br\/site\/wp-json\/wp\/v2\/categories?post=16015"},{"taxonomy":"post_tag","embeddable":true,"href":"https:\/\/www.fazenda.niteroi.rj.gov.br\/site\/wp-json\/wp\/v2\/tags?post=16015"}],"curies":[{"name":"wp","href":"https:\/\/api.w.org\/{rel}","templated":true}]}}