{"id":1625,"date":"2016-09-08T10:10:20","date_gmt":"2016-09-08T13:10:20","guid":{"rendered":"http:\/\/fazenda.niteroi.rj.gov.br\/site\/?p=1625"},"modified":"2016-09-08T15:08:11","modified_gmt":"2016-09-08T18:08:11","slug":"smf-na-midia-2","status":"publish","type":"post","link":"https:\/\/www.fazenda.niteroi.rj.gov.br\/site\/smf-na-midia-2\/","title":{"rendered":"SMF na m\u00eddia"},"content":{"rendered":"<p>A SMF ganhou destaque no jornal O Fluminense do dia 06 de setembro. A mat\u00e9ria ressaltou o crescimento do \u00cdndice de Participa\u00e7\u00e3o dos Munic\u00edpios (IPM) da cidade.<\/p>\n<p>&nbsp;<\/p>\n<div id=\"attachment_1626\" style=\"width: 410px\" class=\"wp-caption aligncenter\"><a href=\"http:\/\/fazenda.niteroi.rj.gov.br\/site\/wp-content\/uploads\/2016\/09\/ff.jpg\"><img loading=\"lazy\" decoding=\"async\" aria-describedby=\"caption-attachment-1626\" id=\"longdesc-return-1626\" class=\"size-medium wp-image-1626\" tabindex=\"-1\" src=\"http:\/\/fazenda.niteroi.rj.gov.br\/site\/wp-content\/uploads\/2016\/09\/ff-400x214.jpg\" alt=\"Mat\u00e9ria do jornal O Fluminense de 06 de setembro de 2016.\" width=\"400\" height=\"214\" longdesc=\"http:\/\/fazenda.niteroi.rj.gov.br\/site?longdesc=1626&amp;referrer=1625\" srcset=\"https:\/\/www.fazenda.niteroi.rj.gov.br\/site\/wp-content\/uploads\/2016\/09\/ff-400x214.jpg 400w, https:\/\/www.fazenda.niteroi.rj.gov.br\/site\/wp-content\/uploads\/2016\/09\/ff-768x411.jpg 768w, https:\/\/www.fazenda.niteroi.rj.gov.br\/site\/wp-content\/uploads\/2016\/09\/ff-600x321.jpg 600w, https:\/\/www.fazenda.niteroi.rj.gov.br\/site\/wp-content\/uploads\/2016\/09\/ff-1080x578.jpg 1080w, https:\/\/www.fazenda.niteroi.rj.gov.br\/site\/wp-content\/uploads\/2016\/09\/ff.jpg 1170w\" sizes=\"auto, (max-width: 400px) 100vw, 400px\" \/><\/a><p id=\"caption-attachment-1626\" class=\"wp-caption-text\">Mat\u00e9ria do jornal O Fluminense de 06 de setembro de 2016. Clique para ampliar.<\/p><\/div>\n<p>&nbsp;<\/p>\n<div id=\"attachment_1632\" style=\"width: 273px\" class=\"wp-caption aligncenter\"><a href=\"http:\/\/fazenda.niteroi.rj.gov.br\/site\/wp-content\/uploads\/2016\/09\/O-FLUMINENSE-PAG.04.1.jpg\"><img loading=\"lazy\" decoding=\"async\" aria-describedby=\"caption-attachment-1632\" id=\"longdesc-return-1632\" class=\"wp-image-1632 size-medium\" tabindex=\"-1\" src=\"http:\/\/fazenda.niteroi.rj.gov.br\/site\/wp-content\/uploads\/2016\/09\/O-FLUMINENSE-PAG.04.1-263x300.jpg\" alt=\"Jornal O Fluminense de 07 de setembro de 2016, p\u00e1gina 4.\" width=\"263\" height=\"300\" longdesc=\"http:\/\/fazenda.niteroi.rj.gov.br\/site?longdesc=1632&amp;referrer=1625\" srcset=\"https:\/\/www.fazenda.niteroi.rj.gov.br\/site\/wp-content\/uploads\/2016\/09\/O-FLUMINENSE-PAG.04.1-263x300.jpg 263w, https:\/\/www.fazenda.niteroi.rj.gov.br\/site\/wp-content\/uploads\/2016\/09\/O-FLUMINENSE-PAG.04.1-527x600.jpg 527w, https:\/\/www.fazenda.niteroi.rj.gov.br\/site\/wp-content\/uploads\/2016\/09\/O-FLUMINENSE-PAG.04.1.jpg 693w\" sizes=\"auto, (max-width: 263px) 100vw, 263px\" \/><\/a><p id=\"caption-attachment-1632\" class=\"wp-caption-text\"><br \/> Jornal O Fluminense de 07 de setembro de 2016, p\u00e1gina 4.<\/p><\/div>\n","protected":false},"excerpt":{"rendered":"<p>A SMF ganhou destaque no jornal O Fluminense do dia 06 de setembro. A mat\u00e9ria ressaltou o crescimento do \u00cdndice de Participa\u00e7\u00e3o dos Munic\u00edpios (IPM) da cidade.<\/p>\n","protected":false},"author":3,"featured_media":1626,"comment_status":"closed","ping_status":"closed","sticky":false,"template":"","format":"standard","meta":{"_et_pb_use_builder":"","_et_pb_old_content":"","_et_gb_content_width":"","_usar_header_alternativo":false,"footnotes":""},"categories":[10],"tags":[139,142,136],"class_list":["post-1625","post","type-post","status-publish","format-standard","has-post-thumbnail","hentry","category-noticias","tag-icms","tag-jornal-o-fluminense-ipm","tag-midia","et-has-post-format-content","et_post_format-et-post-format-standard"],"_links":{"self":[{"href":"https:\/\/www.fazenda.niteroi.rj.gov.br\/site\/wp-json\/wp\/v2\/posts\/1625","targetHints":{"allow":["GET"]}}],"collection":[{"href":"https:\/\/www.fazenda.niteroi.rj.gov.br\/site\/wp-json\/wp\/v2\/posts"}],"about":[{"href":"https:\/\/www.fazenda.niteroi.rj.gov.br\/site\/wp-json\/wp\/v2\/types\/post"}],"author":[{"embeddable":true,"href":"https:\/\/www.fazenda.niteroi.rj.gov.br\/site\/wp-json\/wp\/v2\/users\/3"}],"replies":[{"embeddable":true,"href":"https:\/\/www.fazenda.niteroi.rj.gov.br\/site\/wp-json\/wp\/v2\/comments?post=1625"}],"version-history":[{"count":0,"href":"https:\/\/www.fazenda.niteroi.rj.gov.br\/site\/wp-json\/wp\/v2\/posts\/1625\/revisions"}],"wp:featuredmedia":[{"embeddable":true,"href":"https:\/\/www.fazenda.niteroi.rj.gov.br\/site\/wp-json\/wp\/v2\/media\/1626"}],"wp:attachment":[{"href":"https:\/\/www.fazenda.niteroi.rj.gov.br\/site\/wp-json\/wp\/v2\/media?parent=1625"}],"wp:term":[{"taxonomy":"category","embeddable":true,"href":"https:\/\/www.fazenda.niteroi.rj.gov.br\/site\/wp-json\/wp\/v2\/categories?post=1625"},{"taxonomy":"post_tag","embeddable":true,"href":"https:\/\/www.fazenda.niteroi.rj.gov.br\/site\/wp-json\/wp\/v2\/tags?post=1625"}],"curies":[{"name":"wp","href":"https:\/\/api.w.org\/{rel}","templated":true}]}}