{"id":1642,"date":"2016-09-09T10:16:07","date_gmt":"2016-09-09T13:16:07","guid":{"rendered":"http:\/\/fazenda.niteroi.rj.gov.br\/site\/?p=1642"},"modified":"2016-09-09T10:24:21","modified_gmt":"2016-09-09T13:24:21","slug":"arrecadacao-do-segmento-de-cartorios-aumenta","status":"publish","type":"post","link":"https:\/\/www.fazenda.niteroi.rj.gov.br\/site\/arrecadacao-do-segmento-de-cartorios-aumenta\/","title":{"rendered":"Arrecada\u00e7\u00e3o do segmento de cart\u00f3rios aumenta"},"content":{"rendered":"<div id=\"attachment_1643\" style=\"width: 410px\" class=\"wp-caption alignright\"><a href=\"http:\/\/fazenda.niteroi.rj.gov.br\/site\/wp-content\/uploads\/2016\/09\/Grafico-Arrecadacao-cartorios.jpg\"><img loading=\"lazy\" decoding=\"async\" aria-describedby=\"caption-attachment-1643\" id=\"longdesc-return-1643\" class=\"size-medium wp-image-1643\" tabindex=\"-1\" src=\"http:\/\/fazenda.niteroi.rj.gov.br\/site\/wp-content\/uploads\/2016\/09\/Grafico-Arrecadacao-cartorios-400x240.jpg\" alt=\"Arrecada\u00e7\u00e3o do segmento de cart\u00f3rios aumenta.\" width=\"400\" height=\"240\" longdesc=\"http:\/\/fazenda.niteroi.rj.gov.br\/site?longdesc=1643&amp;referrer=1642\" srcset=\"https:\/\/www.fazenda.niteroi.rj.gov.br\/site\/wp-content\/uploads\/2016\/09\/Grafico-Arrecadacao-cartorios-400x240.jpg 400w, https:\/\/www.fazenda.niteroi.rj.gov.br\/site\/wp-content\/uploads\/2016\/09\/Grafico-Arrecadacao-cartorios-768x461.jpg 768w, https:\/\/www.fazenda.niteroi.rj.gov.br\/site\/wp-content\/uploads\/2016\/09\/Grafico-Arrecadacao-cartorios-600x360.jpg 600w, https:\/\/www.fazenda.niteroi.rj.gov.br\/site\/wp-content\/uploads\/2016\/09\/Grafico-Arrecadacao-cartorios-1080x648.jpg 1080w, https:\/\/www.fazenda.niteroi.rj.gov.br\/site\/wp-content\/uploads\/2016\/09\/Grafico-Arrecadacao-cartorios-627x376.jpg 627w, https:\/\/www.fazenda.niteroi.rj.gov.br\/site\/wp-content\/uploads\/2016\/09\/Grafico-Arrecadacao-cartorios-440x264.jpg 440w, https:\/\/www.fazenda.niteroi.rj.gov.br\/site\/wp-content\/uploads\/2016\/09\/Grafico-Arrecadacao-cartorios.jpg 1200w\" sizes=\"auto, (max-width: 400px) 100vw, 400px\" \/><\/a><p id=\"caption-attachment-1643\" class=\"wp-caption-text\">Arrecada\u00e7\u00e3o do segmento de cart\u00f3rios aumenta. Clique para ampliar.<\/p><\/div>\n<p>A tributa\u00e7\u00e3o dos servi\u00e7os cartor\u00e1rios sempre foi motivo de grande diverg\u00eancia na jurisprud\u00eancia nacional. Inicialmente, os titulares de tais servi\u00e7os se negavam ao pagamento do Imposto sobre Servi\u00e7os \u2013 ISS sobre a atividade que exerciam, sob a alega\u00e7\u00e3o de que exerciam uma atividade p\u00fablica, protegida pela imunidade constitucional.<\/p>\n<p>Ap\u00f3s a defini\u00e7\u00e3o, pelo Supremo Tribunal Federal, nos autos da ADI n\u00ba 3.089\/DF, acerca da constitucionalidade da incid\u00eancia desse imposto sobre a atividade cartor\u00e1ria, nova discuss\u00e3o foi levada a efeito sobre a forma de tributa\u00e7\u00e3o desses servi\u00e7os, alegando os titulares que deveriam pagar como profissionais liberais, no que contestava o Fisco, entendendo dever a exa\u00e7\u00e3o incidir sobre o movimento econ\u00f4mico apurado.<\/p>\n<p>A intensa controv\u00e9rsia sobre a quest\u00e3o gerou uma multiplicidade de demandas judiciais que, longe de trazer alguma solu\u00e7\u00e3o para o problema, diminu\u00edam a arrecada\u00e7\u00e3o e prejudicavam o interesse p\u00fablico.<\/p>\n<p>Foi nesse panorama que a lei municipal n\u00ba 3.189\/2015 foi publicada. Como uma forma de pacificar as discuss\u00f5es, imp\u00f4s que os titulares de cart\u00f3rios que possu\u00edssem a\u00e7\u00f5es judiciais desistissem das respectivas demandas em troca de um benef\u00edcio de remiss\u00e3o e anistia de juros e multas. No mesmo esp\u00edrito, imp\u00f4s o recadastramento de todos os cart\u00f3rios, de modo que passassem a contribuir sobre o movimento econ\u00f4mico, deixando de questionar a adequa\u00e7\u00e3o dessa forma de tributa\u00e7\u00e3o.<\/p>\n<p>O sucesso de tal medida pode ser claramente percebida n\u00e3o s\u00f3 na evolu\u00e7\u00e3o da arrecada\u00e7\u00e3o como tamb\u00e9m na de contribuintes cadastrados:<\/p>\n<p>\u2022 2014 = arrecada\u00e7\u00e3o de 27.955,86 (2 contribuintes)<br \/>\n\u2022 2015 = arrecada\u00e7\u00e3o de 37.761,73 (2 contribuintes)<br \/>\n\u2022 2016 (at\u00e9 agosto) = arrecada\u00e7\u00e3o de 624.515,14 (23 contribuintes)<\/p>\n<p>A t\u00f4nica da presente gest\u00e3o tem sido a busca da efici\u00eancia administrativa pautada na harmoniza\u00e7\u00e3o de interesses p\u00fablicos e privados, priorizando solu\u00e7\u00f5es de consenso para o atendimento do interesse de toda a coletividade.<\/p>\n<p>&nbsp;<\/p>\n","protected":false},"excerpt":{"rendered":"<p>Entenda a lei municipal n\u00ba 3.189\/2015 e o sucesso de tal medida, que culminou no aumento da arrecada\u00e7\u00e3o e de contribuintes cadastrados.<\/p>\n","protected":false},"author":3,"featured_media":1643,"comment_status":"closed","ping_status":"closed","sticky":false,"template":"","format":"standard","meta":{"_et_pb_use_builder":"","_et_pb_old_content":"","_et_gb_content_width":"","_usar_header_alternativo":false,"footnotes":""},"categories":[10],"tags":[143,144],"class_list":["post-1642","post","type-post","status-publish","format-standard","has-post-thumbnail","hentry","category-noticias","tag-arrecadacao","tag-cartorios","et-has-post-format-content","et_post_format-et-post-format-standard"],"_links":{"self":[{"href":"https:\/\/www.fazenda.niteroi.rj.gov.br\/site\/wp-json\/wp\/v2\/posts\/1642","targetHints":{"allow":["GET"]}}],"collection":[{"href":"https:\/\/www.fazenda.niteroi.rj.gov.br\/site\/wp-json\/wp\/v2\/posts"}],"about":[{"href":"https:\/\/www.fazenda.niteroi.rj.gov.br\/site\/wp-json\/wp\/v2\/types\/post"}],"author":[{"embeddable":true,"href":"https:\/\/www.fazenda.niteroi.rj.gov.br\/site\/wp-json\/wp\/v2\/users\/3"}],"replies":[{"embeddable":true,"href":"https:\/\/www.fazenda.niteroi.rj.gov.br\/site\/wp-json\/wp\/v2\/comments?post=1642"}],"version-history":[{"count":0,"href":"https:\/\/www.fazenda.niteroi.rj.gov.br\/site\/wp-json\/wp\/v2\/posts\/1642\/revisions"}],"wp:featuredmedia":[{"embeddable":true,"href":"https:\/\/www.fazenda.niteroi.rj.gov.br\/site\/wp-json\/wp\/v2\/media\/1643"}],"wp:attachment":[{"href":"https:\/\/www.fazenda.niteroi.rj.gov.br\/site\/wp-json\/wp\/v2\/media?parent=1642"}],"wp:term":[{"taxonomy":"category","embeddable":true,"href":"https:\/\/www.fazenda.niteroi.rj.gov.br\/site\/wp-json\/wp\/v2\/categories?post=1642"},{"taxonomy":"post_tag","embeddable":true,"href":"https:\/\/www.fazenda.niteroi.rj.gov.br\/site\/wp-json\/wp\/v2\/tags?post=1642"}],"curies":[{"name":"wp","href":"https:\/\/api.w.org\/{rel}","templated":true}]}}