{"id":16701,"date":"2021-07-07T07:00:00","date_gmt":"2021-07-07T10:00:00","guid":{"rendered":"https:\/\/fazenda.niteroi.rj.gov.br\/site\/?p=16701"},"modified":"2021-07-07T10:46:48","modified_gmt":"2021-07-07T13:46:48","slug":"agenda-de-hoje","status":"publish","type":"post","link":"https:\/\/www.fazenda.niteroi.rj.gov.br\/site\/agenda-de-hoje\/","title":{"rendered":"AGENDA DE HOJE"},"content":{"rendered":"\n<p><strong>10h<\/strong> Reuni\u00e3o com o vereador de Niter\u00f3i, Fabiano Gon\u00e7alves.<\/p>\n\n\n\n<p><strong>10h30<\/strong> Reuni\u00e3o com o procurador da SUPERINTEND\u00caNCIA JUR\u00cdDICA (SJUR), Dr. Guilherme Hombeeck.<\/p>\n\n\n\n<p><strong>11h30<\/strong> Reuni\u00e3o sobre Regimento Interno com a Subsecretaria de Contabilidade Geral, Yasmim Monteiro. <\/p>\n\n\n\n<p><strong>14h<\/strong> Reuni\u00e3o sobre contratos institucionais com o Diretor de Controle Interno, Pedro Reys.<\/p>\n\n\n\n<p><strong>14h30<\/strong> Reuni\u00e3o sobre Regimento Interno com o Subsecret\u00e1rio de Finan\u00e7as, Heitor Moreira.<\/p>\n\n\n\n<p><strong>15h<\/strong> Reuni\u00e3o sobre o Regimento Interno com a Subsecret\u00e1ria de Gest\u00e3o e Moderniza\u00e7\u00e3o Fazend\u00e1ria,  Nat\u00e1lia Cardoso.<\/p>\n\n\n\n<p><strong>15h30<\/strong> Reuni\u00e3o sobre o Regimento Interno com o Subsecret\u00e1rio de Receita,  Juan Rodrigues.<\/p>\n\n\n\n<p><strong>16h<\/strong> Reuni\u00e3o sobre o contrato Supera Mais com a AgeRio.<\/p>\n\n\n\n<p><\/p>\n","protected":false},"excerpt":{"rendered":"<p>10h Reuni\u00e3o com o vereador de Niter\u00f3i, Fabiano Gon\u00e7alves. 10h30 Reuni\u00e3o com o procurador da SUPERINTEND\u00caNCIA JUR\u00cdDICA (SJUR), Dr. Guilherme Hombeeck. 11h30 Reuni\u00e3o sobre Regimento Interno com a Subsecretaria de [&hellip;]<\/p>\n","protected":false},"author":18,"featured_media":12299,"comment_status":"closed","ping_status":"closed","sticky":false,"template":"","format":"standard","meta":{"_et_pb_use_builder":"","_et_pb_old_content":"","_et_gb_content_width":"","_usar_header_alternativo":false,"footnotes":""},"categories":[394],"tags":[397,452],"class_list":["post-16701","post","type-post","status-publish","format-standard","has-post-thumbnail","hentry","category-agenda","tag-agenda-da-secretaria","tag-transparencia","et-has-post-format-content","et_post_format-et-post-format-standard"],"_links":{"self":[{"href":"https:\/\/www.fazenda.niteroi.rj.gov.br\/site\/wp-json\/wp\/v2\/posts\/16701","targetHints":{"allow":["GET"]}}],"collection":[{"href":"https:\/\/www.fazenda.niteroi.rj.gov.br\/site\/wp-json\/wp\/v2\/posts"}],"about":[{"href":"https:\/\/www.fazenda.niteroi.rj.gov.br\/site\/wp-json\/wp\/v2\/types\/post"}],"author":[{"embeddable":true,"href":"https:\/\/www.fazenda.niteroi.rj.gov.br\/site\/wp-json\/wp\/v2\/users\/18"}],"replies":[{"embeddable":true,"href":"https:\/\/www.fazenda.niteroi.rj.gov.br\/site\/wp-json\/wp\/v2\/comments?post=16701"}],"version-history":[{"count":0,"href":"https:\/\/www.fazenda.niteroi.rj.gov.br\/site\/wp-json\/wp\/v2\/posts\/16701\/revisions"}],"wp:featuredmedia":[{"embeddable":true,"href":"https:\/\/www.fazenda.niteroi.rj.gov.br\/site\/wp-json\/wp\/v2\/media\/12299"}],"wp:attachment":[{"href":"https:\/\/www.fazenda.niteroi.rj.gov.br\/site\/wp-json\/wp\/v2\/media?parent=16701"}],"wp:term":[{"taxonomy":"category","embeddable":true,"href":"https:\/\/www.fazenda.niteroi.rj.gov.br\/site\/wp-json\/wp\/v2\/categories?post=16701"},{"taxonomy":"post_tag","embeddable":true,"href":"https:\/\/www.fazenda.niteroi.rj.gov.br\/site\/wp-json\/wp\/v2\/tags?post=16701"}],"curies":[{"name":"wp","href":"https:\/\/api.w.org\/{rel}","templated":true}]}}