{"id":16880,"date":"2021-07-22T09:26:52","date_gmt":"2021-07-22T12:26:52","guid":{"rendered":"https:\/\/fazenda.niteroi.rj.gov.br\/site\/?p=16880"},"modified":"2021-07-22T09:26:55","modified_gmt":"2021-07-22T12:26:55","slug":"agenda-22-07-quinta-feira","status":"publish","type":"post","link":"https:\/\/www.fazenda.niteroi.rj.gov.br\/site\/agenda-22-07-quinta-feira\/","title":{"rendered":"AGENDA 22\/07 QUINTA-FEIRA"},"content":{"rendered":"\n<p>10h<\/p>\n\n\n\n<p>Participa\u00e7\u00e3o na Live com Sr Prefeito Axel Grael, Procurador do Munic\u00edpio Dr. Michell Maron, Representante do F\u00f3rum Inova Cidades da FNP Sr. Fernando Rabelo, Presidente da Associa\u00e7\u00e3o Brasileira Online to Offline Sr. Vitor Magnnani, Professor de Direito Tribut\u00e1rio e Finan\u00e7as P\u00fablicas da UERJ Dr. Sergio Andr\u00e9 Rocha, Subs de Receita Sr .Juan Rodrigues, Diretora de Comunica\u00e7\u00e3o Sra. Karoline Nogueira.<\/p>\n\n\n\n<p>Pauta: O ISS E AS PLATAFORMAS DIGITAIS DA ECONOMIA COMPARTILHADA<\/p>\n\n\n\n<p>Videoconfer\u00eancia<\/p>\n\n\n\n<p>11h30 Despacho Interno<\/p>\n\n\n\n<p>14h Reuni\u00e3o com Secret\u00e1rio de Urbanismo Sr. Renato Barandier, Secret\u00e1rio de Rela\u00e7\u00f5es Institucionais Sr. Rodrigo Farah, Secret\u00e1ria de Planejamento e Gest\u00e3o Ellen Bebedetti.<\/p>\n\n\n\n<p>Pauta: \u00d4nibus El\u00e9trico<\/p>\n\n\n\n<p>Local: SMU<\/p>\n\n\n\n<p>16h<\/p>\n\n\n\n<p>&nbsp;Gabinete de Crise<\/p>\n\n\n\n<p>17h<\/p>\n\n\n\n<p>Live<\/p>\n","protected":false},"excerpt":{"rendered":"<p>10h Participa\u00e7\u00e3o na Live com Sr Prefeito Axel Grael, Procurador do Munic\u00edpio Dr. Michell Maron, Representante do F\u00f3rum Inova Cidades da FNP Sr. Fernando Rabelo, Presidente da Associa\u00e7\u00e3o Brasileira Online [&hellip;]<\/p>\n","protected":false},"author":20,"featured_media":911,"comment_status":"closed","ping_status":"closed","sticky":false,"template":"","format":"standard","meta":{"_et_pb_use_builder":"","_et_pb_old_content":"","_et_gb_content_width":"","_usar_header_alternativo":false,"footnotes":""},"categories":[394],"tags":[397,452],"class_list":["post-16880","post","type-post","status-publish","format-standard","has-post-thumbnail","hentry","category-agenda","tag-agenda-da-secretaria","tag-transparencia","et-has-post-format-content","et_post_format-et-post-format-standard"],"_links":{"self":[{"href":"https:\/\/www.fazenda.niteroi.rj.gov.br\/site\/wp-json\/wp\/v2\/posts\/16880","targetHints":{"allow":["GET"]}}],"collection":[{"href":"https:\/\/www.fazenda.niteroi.rj.gov.br\/site\/wp-json\/wp\/v2\/posts"}],"about":[{"href":"https:\/\/www.fazenda.niteroi.rj.gov.br\/site\/wp-json\/wp\/v2\/types\/post"}],"author":[{"embeddable":true,"href":"https:\/\/www.fazenda.niteroi.rj.gov.br\/site\/wp-json\/wp\/v2\/users\/20"}],"replies":[{"embeddable":true,"href":"https:\/\/www.fazenda.niteroi.rj.gov.br\/site\/wp-json\/wp\/v2\/comments?post=16880"}],"version-history":[{"count":0,"href":"https:\/\/www.fazenda.niteroi.rj.gov.br\/site\/wp-json\/wp\/v2\/posts\/16880\/revisions"}],"wp:featuredmedia":[{"embeddable":true,"href":"https:\/\/www.fazenda.niteroi.rj.gov.br\/site\/wp-json\/wp\/v2\/media\/911"}],"wp:attachment":[{"href":"https:\/\/www.fazenda.niteroi.rj.gov.br\/site\/wp-json\/wp\/v2\/media?parent=16880"}],"wp:term":[{"taxonomy":"category","embeddable":true,"href":"https:\/\/www.fazenda.niteroi.rj.gov.br\/site\/wp-json\/wp\/v2\/categories?post=16880"},{"taxonomy":"post_tag","embeddable":true,"href":"https:\/\/www.fazenda.niteroi.rj.gov.br\/site\/wp-json\/wp\/v2\/tags?post=16880"}],"curies":[{"name":"wp","href":"https:\/\/api.w.org\/{rel}","templated":true}]}}