{"id":16886,"date":"2021-07-23T10:13:48","date_gmt":"2021-07-23T13:13:48","guid":{"rendered":"https:\/\/fazenda.niteroi.rj.gov.br\/site\/?p=16886"},"modified":"2021-07-23T10:13:51","modified_gmt":"2021-07-23T13:13:51","slug":"agenda-23-07-sexta-feira","status":"publish","type":"post","link":"https:\/\/www.fazenda.niteroi.rj.gov.br\/site\/agenda-23-07-sexta-feira\/","title":{"rendered":"AGENDA 23\/07 SEXTA-FEIRA"},"content":{"rendered":"\n<p>9h30<\/p>\n\n\n\n<p>Reuni\u00e3o com Secret\u00e1ria Planejamento Sra. Ellen Benedetti, Subs de Planejamento e Gest\u00e3o Sra; Isadora Modesto, Subs. Sra Severine Macedo, Subs. da Assist\u00eancia Social Sr. Elton Teixeira, Professor da UFF Sr. F\u00e1bio Waltenberg, Sr. Maicon da Silva,&nbsp; Secret\u00e1rio da Assist\u00eancia Social Sr. Vilde Dorian, Subs da Assit\u00eancia Sra Diana Delgado, Sr. Jorge Luis Teles, Sra Roberta Mendes, Sr. Fernando Freitas, Subs da SEMUG Sra. Ana Vieira., Assessora Dandara Barros.<\/p>\n\n\n\n<p>Pauta: GT Moeda Social<\/p>\n\n\n\n<p>Videoconfer\u00eancia<\/p>\n\n\n\n<p>11h<\/p>\n\n\n\n<p>&nbsp;Reuni\u00e3o com Virg\u00ednia Luz<\/p>\n\n\n\n<p>Pauta: Consultoria Vital<\/p>\n\n\n\n<p>Videoconfer\u00eancia<\/p>\n\n\n\n<p>&nbsp;12h 30<\/p>\n\n\n\n<p>Reuni\u00e3o com o Sr. Francisco R.Fucian<\/p>\n\n\n\n<p>Videoconfer\u00eancia<\/p>\n\n\n\n<p>14h30<\/p>\n\n\n\n<p>Reuni\u00e3o com Subs. de Receitas Sr. Juan Rodrigues, Sr. Cid Augusto Mendes.<\/p>\n\n\n\n<p>Pauta: Reforma Tribut\u00e1ria &#8211; Impactos para os Munic\u00edpios<\/p>\n\n\n\n<p>Local: SMF<\/p>\n","protected":false},"excerpt":{"rendered":"<p>9h30 Reuni\u00e3o com Secret\u00e1ria Planejamento Sra. Ellen Benedetti, Subs de Planejamento e Gest\u00e3o Sra; Isadora Modesto, Subs. Sra Severine Macedo, Subs. da Assist\u00eancia Social Sr. Elton Teixeira, Professor da UFF [&hellip;]<\/p>\n","protected":false},"author":20,"featured_media":911,"comment_status":"closed","ping_status":"closed","sticky":false,"template":"","format":"standard","meta":{"_et_pb_use_builder":"","_et_pb_old_content":"","_et_gb_content_width":"","_usar_header_alternativo":false,"footnotes":""},"categories":[394],"tags":[397,452],"class_list":["post-16886","post","type-post","status-publish","format-standard","has-post-thumbnail","hentry","category-agenda","tag-agenda-da-secretaria","tag-transparencia","et-has-post-format-content","et_post_format-et-post-format-standard"],"_links":{"self":[{"href":"https:\/\/www.fazenda.niteroi.rj.gov.br\/site\/wp-json\/wp\/v2\/posts\/16886","targetHints":{"allow":["GET"]}}],"collection":[{"href":"https:\/\/www.fazenda.niteroi.rj.gov.br\/site\/wp-json\/wp\/v2\/posts"}],"about":[{"href":"https:\/\/www.fazenda.niteroi.rj.gov.br\/site\/wp-json\/wp\/v2\/types\/post"}],"author":[{"embeddable":true,"href":"https:\/\/www.fazenda.niteroi.rj.gov.br\/site\/wp-json\/wp\/v2\/users\/20"}],"replies":[{"embeddable":true,"href":"https:\/\/www.fazenda.niteroi.rj.gov.br\/site\/wp-json\/wp\/v2\/comments?post=16886"}],"version-history":[{"count":0,"href":"https:\/\/www.fazenda.niteroi.rj.gov.br\/site\/wp-json\/wp\/v2\/posts\/16886\/revisions"}],"wp:featuredmedia":[{"embeddable":true,"href":"https:\/\/www.fazenda.niteroi.rj.gov.br\/site\/wp-json\/wp\/v2\/media\/911"}],"wp:attachment":[{"href":"https:\/\/www.fazenda.niteroi.rj.gov.br\/site\/wp-json\/wp\/v2\/media?parent=16886"}],"wp:term":[{"taxonomy":"category","embeddable":true,"href":"https:\/\/www.fazenda.niteroi.rj.gov.br\/site\/wp-json\/wp\/v2\/categories?post=16886"},{"taxonomy":"post_tag","embeddable":true,"href":"https:\/\/www.fazenda.niteroi.rj.gov.br\/site\/wp-json\/wp\/v2\/tags?post=16886"}],"curies":[{"name":"wp","href":"https:\/\/api.w.org\/{rel}","templated":true}]}}