{"id":16899,"date":"2021-07-26T20:19:42","date_gmt":"2021-07-26T23:19:42","guid":{"rendered":"https:\/\/fazenda.niteroi.rj.gov.br\/site\/?p=16899"},"modified":"2021-07-27T11:55:03","modified_gmt":"2021-07-27T14:55:03","slug":"pauta-de-julgamento-sessao-virtual-dia-28-de-julho-de-2021","status":"publish","type":"post","link":"https:\/\/www.fazenda.niteroi.rj.gov.br\/site\/pauta-de-julgamento-sessao-virtual-dia-28-de-julho-de-2021\/","title":{"rendered":"Pauta de Julgamento \u2013 Sess\u00e3o Virtual dia 28 de julho de 2021"},"content":{"rendered":"\n<p class=\"has-text-align-center\"><strong>PREFEITURA MUNICIPAL DE NIEROI<\/strong><\/p>\n\n\n\n<p class=\"has-text-align-center\"><strong>SECRETARIA MUNICIPAL DE FAZENDA<\/strong><\/p>\n\n\n\n<p class=\"has-text-align-center\"><strong>CONSELHO DE CONTRIBUINTES DO MUNIC\u00cdPIO DE NITER\u00d3I &#8211; FCCN<\/strong><\/p>\n\n\n\n<p>REUNI\u00c3O VIRTUAL PARA JULGAMENTO DE RECURSOS, A SER REALIZADA NO DIA 28 DE JULHO DE 2021, COM IN\u00cdCIO AS 10:00 HORAS.<\/p>\n\n\n\n<p><strong>Pauta de julgamento &#8211; Sess\u00e3o Virtual<\/strong><br>(Art. 15, parag. 3\u00b0, da Lei 2.228\/2005, Art. 76 do Decreto 9.735\/2005 e art. 4\u00ba da Resolu\u00e7\u00e3o n\u00ba 01\/2020 do Conselho de Contribuintes do Munic\u00edpio de Niter\u00f3i)<\/p>\n\n\n\n<h3 class=\"wp-block-heading\">1.260\u00aa Sess\u00e3o Ordin\u00e1ria<\/h3>\n\n\n\n<p>1) <strong>PROCESSO: \u2013 030016007\/2018<\/strong><br>RECORRENTE: &#8211; CENTRO EDUCACIONAL ALZIRA BITTENCOURT S\/S LTDA.<br>RECORRIDO: &#8211; SECRETARIA MUNICIPAL DE FAZENDA<br>RELATOR: &#8211; EDUARDO SOBRAL TAVARES<br>SUSTENTA\u00c7\u00c3O ORAL &#8211; SORAIA BRAND\u00c3O &#8211; OAB\/RJ 166.268<\/p>\n\n\n\n<p>2) <strong>PROCESSO: &#8211; 030016011\/2018<\/strong><br>RECORRENTE: &#8211; CENTRO EDUCACIONAL ALZIRA BITTENCOURT S\/S LTDA.<br>RECORRIDO: &#8211; SECRETARIA MUNICIPAL DE FAZENDA<br>RELATOR: &#8211; EDUARDO SOBRAL TAVARES<br>SUSTENTA\u00c7\u00c3O ORAL &#8211; SORAIA BRAND\u00c3O &#8211; OAB\/RJ 166.268<\/p>\n\n\n\n<p>3) <strong>PROCESSO: &#8211; 030016015\/2018<\/strong><br>RECORRENTE: &#8211; CENTRO EDUCACIONAL ALZIRA BITTENCOURT S\/S LTDA.<br>RECORRIDO: &#8211; SECRETARIA MUNICIPAL DE FAZENDA<br>RELATOR: &#8211; EDUARDO SOBRAL TAVARES<br>SUSTENTA\u00c7\u00c3O ORAL &#8211; SORAIA BRAND\u00c3O &#8211; OAB\/RJ 166.268<\/p>\n\n\n\n<p class=\"has-text-align-center\"><strong>PREFEITURA MUNICIPAL DE NIEROI<\/strong><\/p>\n\n\n\n<p class=\"has-text-align-center\"><strong>SECRETARIA MUNICIPAL DE FAZENDA<\/strong><\/p>\n\n\n\n<p class=\"has-text-align-center\"><strong>CONSELHO DE CONTRIBUINTES DO MUNIC\u00cdPIO DE NITER\u00d3I &#8211; FCCN<\/strong><\/p>\n\n\n\n<p>REUNI\u00c3O VIRTUAL PARA JULGAMENTO DE RECURSOS, A SER REALIZADA NO DIA 28 DE JULHO DE 2021, COM IN\u00cdCIO AP\u00d3S A PRIMEIRA SESS\u00c3O DO DIA.<\/p>\n\n\n\n<p><strong>Pauta de julgamento &#8211; Sess\u00e3o Virtual<\/strong><br>(Art. 15, parag. 3\u00b0, da Lei 2.228\/2005, Art. 76 do Decreto 9.735\/2005 e art. 4\u00ba da Resolu\u00e7\u00e3o n\u00ba 01\/2020 do Conselho de Contribuintes do Munic\u00edpio de Niter\u00f3i)<\/p>\n\n\n\n<h3 class=\"wp-block-heading\">1.261\u00aa Sess\u00e3o Ordin\u00e1ria<\/h3>\n\n\n\n<p>1) <strong>PROCESSO \u2013 030016373\/2017 (PROCNIT 030010116\/2021)<\/strong><br>RECORRENTE: &#8211; ESP\u00d3LIO DE MOACYR ROCHA<br>RECORRIDO : &#8211; SECRETARIA MUNICIPAL DE FAZENDA<br>RELATOR: &#8211; ERMANO TORRES SANTIAGO<\/p>\n\n\n\n<p>2) <strong>PROCESSO \u2013 030013236\/2018 (PROCNIT 030010202\/2021)<\/strong><br>RECORRENTE: &#8211; MAGNEPLAN ENGENHARIA LTDA.<br>RECORRIDO: &#8211; SECRETARIA MUNICIPAL DE FAZENDA<br>RELATOR: &#8211; LUIZ ALBERTO SOARES<\/p>\n\n\n\n<p>3) <strong>PROCESSO &#8211; 030\/009345\/2018 (PROCNIT 030010122\/2021)<\/strong><br>RECORRENTE: &#8211; SECRETARIA MUNICIPAL DE FAZENDA<br>RECORRIDA: &#8211; M\u00c1RCIA VAL\u00c9RIA DE OLIVEIRA SILVA<br>RELATOR: &#8211; M\u00c1RCIO MATEUS DE MACEDO<\/p>\n\n\n\n<p>4) <strong>PROCESSO &#8211; 030\/010273\/2017 (PROCNIT 030010121\/2021)<\/strong><br>RECORRENTE: &#8211; CLAUMIR REPAROS E MONTAGENS INDUSTRIAIS<br>RECORRIDO: &#8211; SECRETARIA MUNICIPAL DE FAZENDA<br>RELATOR: &#8211; EDUARDO SOBRAL TAVARES<\/p>\n\n\n\n<p><em>CC, em 26 de julho de 2021<\/em><\/p>\n","protected":false},"excerpt":{"rendered":"<p>PREFEITURA MUNICIPAL DE NIEROI SECRETARIA MUNICIPAL DE FAZENDA CONSELHO DE CONTRIBUINTES DO MUNIC\u00cdPIO DE NITER\u00d3I &#8211; FCCN REUNI\u00c3O VIRTUAL PARA JULGAMENTO DE RECURSOS, A SER REALIZADA NO DIA 28 DE [&hellip;]<\/p>\n","protected":false},"author":1,"featured_media":911,"comment_status":"closed","ping_status":"closed","sticky":false,"template":"","format":"standard","meta":{"_et_pb_use_builder":"","_et_pb_old_content":"","_et_gb_content_width":"","_usar_header_alternativo":false,"footnotes":""},"categories":[132],"tags":[],"class_list":["post-16899","post","type-post","status-publish","format-standard","has-post-thumbnail","hentry","category-pautas","et-has-post-format-content","et_post_format-et-post-format-standard"],"_links":{"self":[{"href":"https:\/\/www.fazenda.niteroi.rj.gov.br\/site\/wp-json\/wp\/v2\/posts\/16899","targetHints":{"allow":["GET"]}}],"collection":[{"href":"https:\/\/www.fazenda.niteroi.rj.gov.br\/site\/wp-json\/wp\/v2\/posts"}],"about":[{"href":"https:\/\/www.fazenda.niteroi.rj.gov.br\/site\/wp-json\/wp\/v2\/types\/post"}],"author":[{"embeddable":true,"href":"https:\/\/www.fazenda.niteroi.rj.gov.br\/site\/wp-json\/wp\/v2\/users\/1"}],"replies":[{"embeddable":true,"href":"https:\/\/www.fazenda.niteroi.rj.gov.br\/site\/wp-json\/wp\/v2\/comments?post=16899"}],"version-history":[{"count":0,"href":"https:\/\/www.fazenda.niteroi.rj.gov.br\/site\/wp-json\/wp\/v2\/posts\/16899\/revisions"}],"wp:featuredmedia":[{"embeddable":true,"href":"https:\/\/www.fazenda.niteroi.rj.gov.br\/site\/wp-json\/wp\/v2\/media\/911"}],"wp:attachment":[{"href":"https:\/\/www.fazenda.niteroi.rj.gov.br\/site\/wp-json\/wp\/v2\/media?parent=16899"}],"wp:term":[{"taxonomy":"category","embeddable":true,"href":"https:\/\/www.fazenda.niteroi.rj.gov.br\/site\/wp-json\/wp\/v2\/categories?post=16899"},{"taxonomy":"post_tag","embeddable":true,"href":"https:\/\/www.fazenda.niteroi.rj.gov.br\/site\/wp-json\/wp\/v2\/tags?post=16899"}],"curies":[{"name":"wp","href":"https:\/\/api.w.org\/{rel}","templated":true}]}}