{"id":17017,"date":"2021-08-05T09:55:24","date_gmt":"2021-08-05T12:55:24","guid":{"rendered":"https:\/\/fazenda.niteroi.rj.gov.br\/site\/?p=17017"},"modified":"2021-08-05T09:55:29","modified_gmt":"2021-08-05T12:55:29","slug":"agenda-05-08-2021-quinta-feira","status":"publish","type":"post","link":"https:\/\/www.fazenda.niteroi.rj.gov.br\/site\/agenda-05-08-2021-quinta-feira\/","title":{"rendered":"AGENDA 05\/08\/2021 QUINTA-FEIRA"},"content":{"rendered":"\n<p>10h<\/p>\n\n\n\n<p>Reuni\u00e3o &#8211; Parque Tecnol\u00f3gico <\/p>\n\n\n\n<p>Videoconfer\u00eancia<\/p>\n\n\n\n<p>11h<\/p>\n\n\n\n<p>Reuni\u00e3o do Comit\u00ea de Integridade e Compliance com Secret\u00e1rio Executivo Sr. Ubirajara Marques, Secret\u00e1ria de Planejamento e Gest\u00e3o Sra. Ellen Benedetti, Procurador do Munic\u00edpio Michell Maron.<\/p>\n\n\n\n<p>Pauta : LGPD<\/p>\n\n\n\n<p>Videoconfer\u00eancia<\/p>\n\n\n\n<p>12h30<\/p>\n\n\n\n<p>Almo\u00e7o com Secret\u00e1rio da Defesa Civil Cel. Wallace Medeiros<\/p>\n\n\n\n<p>14h<\/p>\n\n\n\n<p>Oficina de Apresenta\u00e7\u00e3o do NGE e Metodologia de Estrutura\u00e7\u00e3o de Projetos.<\/p>\n\n\n\n<p>15h30<\/p>\n\n\n\n<p>Gabinete de Crise<\/p>\n\n\n\n<p>17h<\/p>\n\n\n\n<p>Live<\/p>\n","protected":false},"excerpt":{"rendered":"<p>10h Reuni\u00e3o &#8211; Parque Tecnol\u00f3gico Videoconfer\u00eancia 11h Reuni\u00e3o do Comit\u00ea de Integridade e Compliance com Secret\u00e1rio Executivo Sr. Ubirajara Marques, Secret\u00e1ria de Planejamento e Gest\u00e3o Sra. Ellen Benedetti, Procurador do [&hellip;]<\/p>\n","protected":false},"author":20,"featured_media":911,"comment_status":"closed","ping_status":"closed","sticky":false,"template":"","format":"standard","meta":{"_et_pb_use_builder":"","_et_pb_old_content":"","_et_gb_content_width":"","_usar_header_alternativo":false,"footnotes":""},"categories":[394],"tags":[397,452],"class_list":["post-17017","post","type-post","status-publish","format-standard","has-post-thumbnail","hentry","category-agenda","tag-agenda-da-secretaria","tag-transparencia","et-has-post-format-content","et_post_format-et-post-format-standard"],"_links":{"self":[{"href":"https:\/\/www.fazenda.niteroi.rj.gov.br\/site\/wp-json\/wp\/v2\/posts\/17017","targetHints":{"allow":["GET"]}}],"collection":[{"href":"https:\/\/www.fazenda.niteroi.rj.gov.br\/site\/wp-json\/wp\/v2\/posts"}],"about":[{"href":"https:\/\/www.fazenda.niteroi.rj.gov.br\/site\/wp-json\/wp\/v2\/types\/post"}],"author":[{"embeddable":true,"href":"https:\/\/www.fazenda.niteroi.rj.gov.br\/site\/wp-json\/wp\/v2\/users\/20"}],"replies":[{"embeddable":true,"href":"https:\/\/www.fazenda.niteroi.rj.gov.br\/site\/wp-json\/wp\/v2\/comments?post=17017"}],"version-history":[{"count":0,"href":"https:\/\/www.fazenda.niteroi.rj.gov.br\/site\/wp-json\/wp\/v2\/posts\/17017\/revisions"}],"wp:featuredmedia":[{"embeddable":true,"href":"https:\/\/www.fazenda.niteroi.rj.gov.br\/site\/wp-json\/wp\/v2\/media\/911"}],"wp:attachment":[{"href":"https:\/\/www.fazenda.niteroi.rj.gov.br\/site\/wp-json\/wp\/v2\/media?parent=17017"}],"wp:term":[{"taxonomy":"category","embeddable":true,"href":"https:\/\/www.fazenda.niteroi.rj.gov.br\/site\/wp-json\/wp\/v2\/categories?post=17017"},{"taxonomy":"post_tag","embeddable":true,"href":"https:\/\/www.fazenda.niteroi.rj.gov.br\/site\/wp-json\/wp\/v2\/tags?post=17017"}],"curies":[{"name":"wp","href":"https:\/\/api.w.org\/{rel}","templated":true}]}}