{"id":17088,"date":"2021-08-12T09:36:44","date_gmt":"2021-08-12T12:36:44","guid":{"rendered":"https:\/\/fazenda.niteroi.rj.gov.br\/site\/?p=17088"},"modified":"2021-08-12T09:36:48","modified_gmt":"2021-08-12T12:36:48","slug":"agenda-12-08-2021-quinta-feira","status":"publish","type":"post","link":"https:\/\/www.fazenda.niteroi.rj.gov.br\/site\/agenda-12-08-2021-quinta-feira\/","title":{"rendered":"AGENDA  12\/08\/2021 QUINTA-FEIRA"},"content":{"rendered":"\n<p>10h30<br>Cerim\u00f4nia de Lan\u00e7amento do Projeto Banco de Oportunidades<br>Local: Gabinete do Prefeito<\/p>\n\n\n\n<p>12h15<br>Despacho Interno<\/p>\n\n\n\n<p>14h<br>Reuni\u00e3o com Secret\u00e1rio de Desenvolvimento Econ\u00f4mico Am\u00e9rico Diniz, Secret\u00e1rio de Assuntos Estrat\u00e9gicos Andr\u00e9 Diniz<br>Pauta: Retomada Econ\u00f4mica -Valida\u00e7\u00e3o Lista de Projetos Retomada Econ\u00f4mica<br>Local: SMF<\/p>\n\n\n\n<p>15h30<br>Gabinete de Crise<\/p>\n\n\n\n<p>17h<br>Live<\/p>\n\n\n\n<p>19h<br>Lan\u00e7amento do Edital do ISS (Incentivo \u00e0 Cultura) com Subs. de Receitas Juan Rodrigues.<\/p>\n","protected":false},"excerpt":{"rendered":"<p>10h30Cerim\u00f4nia de Lan\u00e7amento do Projeto Banco de OportunidadesLocal: Gabinete do Prefeito 12h15Despacho Interno 14hReuni\u00e3o com Secret\u00e1rio de Desenvolvimento Econ\u00f4mico Am\u00e9rico Diniz, Secret\u00e1rio de Assuntos Estrat\u00e9gicos Andr\u00e9 DinizPauta: Retomada Econ\u00f4mica -Valida\u00e7\u00e3o [&hellip;]<\/p>\n","protected":false},"author":20,"featured_media":911,"comment_status":"closed","ping_status":"closed","sticky":false,"template":"","format":"standard","meta":{"_et_pb_use_builder":"","_et_pb_old_content":"","_et_gb_content_width":"","_usar_header_alternativo":false,"footnotes":""},"categories":[394],"tags":[397,452],"class_list":["post-17088","post","type-post","status-publish","format-standard","has-post-thumbnail","hentry","category-agenda","tag-agenda-da-secretaria","tag-transparencia","et-has-post-format-content","et_post_format-et-post-format-standard"],"_links":{"self":[{"href":"https:\/\/www.fazenda.niteroi.rj.gov.br\/site\/wp-json\/wp\/v2\/posts\/17088","targetHints":{"allow":["GET"]}}],"collection":[{"href":"https:\/\/www.fazenda.niteroi.rj.gov.br\/site\/wp-json\/wp\/v2\/posts"}],"about":[{"href":"https:\/\/www.fazenda.niteroi.rj.gov.br\/site\/wp-json\/wp\/v2\/types\/post"}],"author":[{"embeddable":true,"href":"https:\/\/www.fazenda.niteroi.rj.gov.br\/site\/wp-json\/wp\/v2\/users\/20"}],"replies":[{"embeddable":true,"href":"https:\/\/www.fazenda.niteroi.rj.gov.br\/site\/wp-json\/wp\/v2\/comments?post=17088"}],"version-history":[{"count":0,"href":"https:\/\/www.fazenda.niteroi.rj.gov.br\/site\/wp-json\/wp\/v2\/posts\/17088\/revisions"}],"wp:featuredmedia":[{"embeddable":true,"href":"https:\/\/www.fazenda.niteroi.rj.gov.br\/site\/wp-json\/wp\/v2\/media\/911"}],"wp:attachment":[{"href":"https:\/\/www.fazenda.niteroi.rj.gov.br\/site\/wp-json\/wp\/v2\/media?parent=17088"}],"wp:term":[{"taxonomy":"category","embeddable":true,"href":"https:\/\/www.fazenda.niteroi.rj.gov.br\/site\/wp-json\/wp\/v2\/categories?post=17088"},{"taxonomy":"post_tag","embeddable":true,"href":"https:\/\/www.fazenda.niteroi.rj.gov.br\/site\/wp-json\/wp\/v2\/tags?post=17088"}],"curies":[{"name":"wp","href":"https:\/\/api.w.org\/{rel}","templated":true}]}}