{"id":17113,"date":"2021-08-16T15:02:18","date_gmt":"2021-08-16T18:02:18","guid":{"rendered":"https:\/\/fazenda.niteroi.rj.gov.br\/site\/?p=17113"},"modified":"2021-08-16T15:38:17","modified_gmt":"2021-08-16T18:38:17","slug":"pauta-de-julgamento-sessao-virtual-dia-18-de-agosto-de-2021","status":"publish","type":"post","link":"https:\/\/www.fazenda.niteroi.rj.gov.br\/site\/pauta-de-julgamento-sessao-virtual-dia-18-de-agosto-de-2021\/","title":{"rendered":"PAUTA DE JULGAMENTO \u2013 SESS\u00c3O VIRTUAL DIA 18 DE AGOSTO DE 2021."},"content":{"rendered":"\n<h3 class=\"has-text-align-center wp-block-heading\"><strong>PREFEITURA MUNICIPAL DE NITER\u00d3I<\/strong><\/h3>\n\n\n\n<h3 class=\"has-text-align-center wp-block-heading\"><strong>SECRETARIA MUNICIPAL DE FAZENDA<\/strong><\/h3>\n\n\n\n<p class=\"has-text-align-center\"><strong><u>CONSELHO DE CONTRIBUINTES DO MUNIC\u00cdPIO DE NITER\u00d3I &#8211; FCCN<\/u><\/strong><\/p>\n\n\n\n<p class=\"has-text-align-center\"><strong>REUNI\u00c3O VIRTUAL PARA JULGAMENTO DE RECURSOS, A SER REALIZADA NO DIA 18 DE AGOSTO DE 2021, COM IN\u00cdCIO AS 10:00 HORAS.<\/strong><\/p>\n\n\n\n<p class=\"has-text-align-center\"><strong><u>Pauta de julgamento &#8211; Sess\u00e3o Virtual<\/u><\/strong><\/p>\n\n\n\n<p class=\"has-text-align-center\"><strong>(Art. 15, parag. 3\u00b0, da Lei 2.228\/2005, Art. 76 do Decreto 9.735\/2005 e art. 4\u00ba da Resolu\u00e7\u00e3o n\u00ba 01\/2020 do Conselho de Contribuintes do Munic\u00edpio de Niter\u00f3i)<\/strong><\/p>\n\n\n\n<p class=\"has-text-align-center\">\u25ba <em><u><strong>1.268\u00aa Sess\u00e3o Ordin\u00e1ria:<\/strong><\/u><\/em><\/p>\n\n\n\n<p class=\"has-text-align-center\"><strong>PROCESSO: 030\/010049\/2018 (PROCESSO ESPELHO 30\/010416\/2021)<\/strong><\/p>\n\n\n\n<p class=\"has-text-align-center\"><strong>RECURSO VOLUNT\u00c1RIO<\/strong><\/p>\n\n\n\n<p class=\"has-text-align-center\">RECORRENTE: LUIZ CARLOS DIAS VIANNA<\/p>\n\n\n\n<p class=\"has-text-align-center\">RECORRIDO: SECRETARIA MUNICIPAL DE FAZENDA<\/p>\n\n\n\n<p class=\"has-text-align-center\">CONSELHEIRO\/RELATOR: LUIZ CLAUDIO OLIVEIRA MOREIRA<\/p>\n\n\n\n<p class=\"has-text-align-center\">REPRESENTANTE DA FAZENDA: ANDR\u00c9 LU\u00cdS CARDOSO PIRES<\/p>\n\n\n\n<p class=\"has-text-align-center\">SUSTENTA\u00c7\u00c3O ORAL: HANDERSON MURTHA &#8211; OABRJ 85.117<\/p>\n\n\n\n<p class=\"has-text-align-center\"><strong>RECURSO DE OF\u00cdCIO<\/strong><\/p>\n\n\n\n<p class=\"has-text-align-center\">RECORRENTE:  SECRETARIA MUNICIPAL DE FAZENDA <\/p>\n\n\n\n<p class=\"has-text-align-center\">RECORRIDO:  LUIZ CARLOS DIAS VIANNA <\/p>\n\n\n\n<p class=\"has-text-align-center\">CONSELHEIRO\/RELATOR: LUIZ CLAUDIO OLIVEIRA MOREIRA<\/p>\n\n\n\n<p class=\"has-text-align-center\">REPRESENTANTE DA FAZENDA: ANDR\u00c9 LU\u00cdS CARDOSO PIRES<\/p>\n\n\n\n<p class=\"has-text-align-center\">\u25ba <em><u><strong>1.269\u00aa Sess\u00e3o Ordin\u00e1ria:<\/strong><\/u><\/em><\/p>\n\n\n\n<p class=\"has-text-align-center\"><strong>PROCESSO: 030\/000006\/2018 (PROCESSO ESPELHO 30\/010180\/2021)<\/strong><\/p>\n\n\n\n<p class=\"has-text-align-center\">RECORRENTE:  SECRETARIA MUNICIPAL DE FAZENDA <\/p>\n\n\n\n<p class=\"has-text-align-center\">RECORRIDO:  LUCIANO MARCOLINI DA SILVA <\/p>\n\n\n\n<p class=\"has-text-align-center\">CONSELHEIRO\/RELATOR: FRANCISCO DA CUNHA FERREIRA<\/p>\n\n\n\n<p class=\"has-text-align-center\">REPRESENTANTE DA FAZENDA: ANDR\u00c9 LU\u00cdS CARDOSO PIRES<\/p>\n\n\n\n<p class=\"has-text-align-center\"><strong>PROCESSO: 030\/028589\/2017 (PROCESSO ESPELHO 30\/010205\/2021)<\/strong><\/p>\n\n\n\n<p class=\"has-text-align-center\"><strong>RECURSO VOLUNT\u00c1RIO<\/strong><\/p>\n\n\n\n<p class=\"has-text-align-center\">RECORRENTE: MAURO NEVES TORRE\u00c3O<\/p>\n\n\n\n<p class=\"has-text-align-center\">RECORRIDO: SECRETARIA MUNICIPAL DE FAZENDA<\/p>\n\n\n\n<p class=\"has-text-align-center\">CONSELHEIRO\/RELATOR: EDUARDO SOBRAL TAVARES<\/p>\n\n\n\n<p class=\"has-text-align-center\">REPRESENTANTE DA FAZENDA: ANDR\u00c9 LU\u00cdS CARDOSO PIRES<\/p>\n\n\n\n<p class=\"has-text-align-center\"><strong>RECURSO DE OF\u00cdCIO<\/strong><\/p>\n\n\n\n<p class=\"has-text-align-center\">RECORRENTE:  SECRETARIA MUNICIPAL DE FAZENDA <\/p>\n\n\n\n<p class=\"has-text-align-center\">RECORRIDO:   MAURO NEVES TORRE\u00c3O <\/p>\n\n\n\n<p class=\"has-text-align-center\">CONSELHEIRO\/RELATOR:  EDUARDO SOBRAL TAVARES <\/p>\n\n\n\n<p class=\"has-text-align-center\">REPRESENTANTE DA FAZENDA: ANDR\u00c9 LU\u00cdS CARDOSO PIRES<\/p>\n\n\n\n<p class=\"has-text-align-center\"><strong>PROCESSO: 030\/000008\/2018 (PROCESSO ESPELHO 30\/010178\/2021)<\/strong><\/p>\n\n\n\n<p class=\"has-text-align-center\">RECORRENTE:  SECRETARIA MUNICIPAL DE FAZENDA <\/p>\n\n\n\n<p class=\"has-text-align-center\">RECORRIDO:  PAULO ROBERTO CARUSO <\/p>\n\n\n\n<p class=\"has-text-align-center\">CONSELHEIRO\/RELATOR: LUIZ ALBERTO SOARES <\/p>\n\n\n\n<p class=\"has-text-align-center\">REPRESENTANTE DA FAZENDA: ANDR\u00c9 LU\u00cdS CARDOSO PIRES<\/p>\n\n\n\n<p class=\"has-text-align-center\"><strong>PROCESSO: 030\/028693\/2017 (PROCESSO ESPELHO 30\/010111\/2021)<\/strong><\/p>\n\n\n\n<p class=\"has-text-align-center\"><strong>RECURSO VOLUNT\u00c1RIO<\/strong><\/p>\n\n\n\n<p class=\"has-text-align-center\">RECORRENTE: NICELMA MARINHO GOMES<\/p>\n\n\n\n<p class=\"has-text-align-center\">RECORRIDO: SECRETARIA MUNICIPAL DE FAZENDA<\/p>\n\n\n\n<p class=\"has-text-align-center\">CONSELHEIRO\/RELATOR: ERMANO TORRES SANTIAGO<\/p>\n\n\n\n<p class=\"has-text-align-center\">REPRESENTANTE DA FAZENDA: ANDR\u00c9 LU\u00cdS CARDOSO PIRES<\/p>\n\n\n\n<p class=\"has-text-align-center\"><strong>RECURSO DE OF\u00cdCIO<\/strong><\/p>\n\n\n\n<p class=\"has-text-align-center\">RECORRENTE:  SECRETARIA MUNICIPAL DE FAZENDA <\/p>\n\n\n\n<p class=\"has-text-align-center\">RECORRIDO: NICELMA MARINHO GOMES <\/p>\n\n\n\n<p class=\"has-text-align-center\">CONSELHEIRO\/RELATOR:   ERMANO TORRES SANTIAGO <\/p>\n\n\n\n<p class=\"has-text-align-center\">REPRESENTANTE DA FAZENDA: ANDR\u00c9 LU\u00cdS CARDOSO PIRES<\/p>\n\n\n\n<p class=\"has-text-align-center\">CC, EM 16 DE AGOSTO DE 2021.<\/p>\n","protected":false},"excerpt":{"rendered":"<p>PREFEITURA MUNICIPAL DE NITER\u00d3I SECRETARIA MUNICIPAL DE FAZENDA CONSELHO DE CONTRIBUINTES DO MUNIC\u00cdPIO DE NITER\u00d3I &#8211; FCCN REUNI\u00c3O VIRTUAL PARA JULGAMENTO DE RECURSOS, A SER REALIZADA NO DIA 18 DE [&hellip;]<\/p>\n","protected":false},"author":4,"featured_media":911,"comment_status":"closed","ping_status":"closed","sticky":false,"template":"","format":"standard","meta":{"_et_pb_use_builder":"","_et_pb_old_content":"","_et_gb_content_width":"","_usar_header_alternativo":false,"footnotes":""},"categories":[126,132],"tags":[],"class_list":["post-17113","post","type-post","status-publish","format-standard","has-post-thumbnail","hentry","category-ccn","category-pautas","et-has-post-format-content","et_post_format-et-post-format-standard"],"_links":{"self":[{"href":"https:\/\/www.fazenda.niteroi.rj.gov.br\/site\/wp-json\/wp\/v2\/posts\/17113","targetHints":{"allow":["GET"]}}],"collection":[{"href":"https:\/\/www.fazenda.niteroi.rj.gov.br\/site\/wp-json\/wp\/v2\/posts"}],"about":[{"href":"https:\/\/www.fazenda.niteroi.rj.gov.br\/site\/wp-json\/wp\/v2\/types\/post"}],"author":[{"embeddable":true,"href":"https:\/\/www.fazenda.niteroi.rj.gov.br\/site\/wp-json\/wp\/v2\/users\/4"}],"replies":[{"embeddable":true,"href":"https:\/\/www.fazenda.niteroi.rj.gov.br\/site\/wp-json\/wp\/v2\/comments?post=17113"}],"version-history":[{"count":0,"href":"https:\/\/www.fazenda.niteroi.rj.gov.br\/site\/wp-json\/wp\/v2\/posts\/17113\/revisions"}],"wp:featuredmedia":[{"embeddable":true,"href":"https:\/\/www.fazenda.niteroi.rj.gov.br\/site\/wp-json\/wp\/v2\/media\/911"}],"wp:attachment":[{"href":"https:\/\/www.fazenda.niteroi.rj.gov.br\/site\/wp-json\/wp\/v2\/media?parent=17113"}],"wp:term":[{"taxonomy":"category","embeddable":true,"href":"https:\/\/www.fazenda.niteroi.rj.gov.br\/site\/wp-json\/wp\/v2\/categories?post=17113"},{"taxonomy":"post_tag","embeddable":true,"href":"https:\/\/www.fazenda.niteroi.rj.gov.br\/site\/wp-json\/wp\/v2\/tags?post=17113"}],"curies":[{"name":"wp","href":"https:\/\/api.w.org\/{rel}","templated":true}]}}