{"id":17188,"date":"2021-08-25T10:29:16","date_gmt":"2021-08-25T13:29:16","guid":{"rendered":"https:\/\/fazenda.niteroi.rj.gov.br\/site\/?p=17188"},"modified":"2021-08-25T10:29:22","modified_gmt":"2021-08-25T13:29:22","slug":"agenda-25-08-2021-quarta-feira","status":"publish","type":"post","link":"https:\/\/www.fazenda.niteroi.rj.gov.br\/site\/agenda-25-08-2021-quarta-feira\/","title":{"rendered":"AGENDA 25\/08\/2021 QUARTA \u2013 FEIRA"},"content":{"rendered":"\n<p>10h<br>Despacho Interno com o Subs. de Receitas Sr. Juan Rodrigues<\/p>\n\n\n\n<p>14h<br>Despacho Interno com Subs. de Finan\u00e7as Sr. Heitor Moreira, Diretor do Tesouro Francisco Marins<\/p>\n\n\n\n<p>15h<br>Comiss\u00e3o de Programa\u00e7\u00e3o Financeira E Gest\u00e3o Fiscal \u2013 CPFGF<\/p>\n","protected":false},"excerpt":{"rendered":"<p>10hDespacho Interno com o Subs. de Receitas Sr. Juan Rodrigues 14hDespacho Interno com Subs. de Finan\u00e7as Sr. Heitor Moreira, Diretor do Tesouro Francisco Marins 15hComiss\u00e3o de Programa\u00e7\u00e3o Financeira E Gest\u00e3o [&hellip;]<\/p>\n","protected":false},"author":20,"featured_media":911,"comment_status":"closed","ping_status":"closed","sticky":false,"template":"","format":"standard","meta":{"_et_pb_use_builder":"","_et_pb_old_content":"","_et_gb_content_width":"","_usar_header_alternativo":false,"footnotes":""},"categories":[394],"tags":[397,452],"class_list":["post-17188","post","type-post","status-publish","format-standard","has-post-thumbnail","hentry","category-agenda","tag-agenda-da-secretaria","tag-transparencia","et-has-post-format-content","et_post_format-et-post-format-standard"],"_links":{"self":[{"href":"https:\/\/www.fazenda.niteroi.rj.gov.br\/site\/wp-json\/wp\/v2\/posts\/17188","targetHints":{"allow":["GET"]}}],"collection":[{"href":"https:\/\/www.fazenda.niteroi.rj.gov.br\/site\/wp-json\/wp\/v2\/posts"}],"about":[{"href":"https:\/\/www.fazenda.niteroi.rj.gov.br\/site\/wp-json\/wp\/v2\/types\/post"}],"author":[{"embeddable":true,"href":"https:\/\/www.fazenda.niteroi.rj.gov.br\/site\/wp-json\/wp\/v2\/users\/20"}],"replies":[{"embeddable":true,"href":"https:\/\/www.fazenda.niteroi.rj.gov.br\/site\/wp-json\/wp\/v2\/comments?post=17188"}],"version-history":[{"count":0,"href":"https:\/\/www.fazenda.niteroi.rj.gov.br\/site\/wp-json\/wp\/v2\/posts\/17188\/revisions"}],"wp:featuredmedia":[{"embeddable":true,"href":"https:\/\/www.fazenda.niteroi.rj.gov.br\/site\/wp-json\/wp\/v2\/media\/911"}],"wp:attachment":[{"href":"https:\/\/www.fazenda.niteroi.rj.gov.br\/site\/wp-json\/wp\/v2\/media?parent=17188"}],"wp:term":[{"taxonomy":"category","embeddable":true,"href":"https:\/\/www.fazenda.niteroi.rj.gov.br\/site\/wp-json\/wp\/v2\/categories?post=17188"},{"taxonomy":"post_tag","embeddable":true,"href":"https:\/\/www.fazenda.niteroi.rj.gov.br\/site\/wp-json\/wp\/v2\/tags?post=17188"}],"curies":[{"name":"wp","href":"https:\/\/api.w.org\/{rel}","templated":true}]}}