{"id":17269,"date":"2021-09-09T09:47:45","date_gmt":"2021-09-09T12:47:45","guid":{"rendered":"\/site\/?p=17269"},"modified":"2021-09-09T09:47:50","modified_gmt":"2021-09-09T12:47:50","slug":"agenda-09-09-2021-quinta-feira","status":"publish","type":"post","link":"https:\/\/www.fazenda.niteroi.rj.gov.br\/site\/agenda-09-09-2021-quinta-feira\/","title":{"rendered":"AGENDA 09\/09\/2021 QUINTA-FEIRA"},"content":{"rendered":"\n<p>10h<br>Reuni\u00e3o com Subs. de Finan\u00e7as Sr. Heitor Moreira, Diretor do Tesouro Francisco Marins<br>Pauta: Pr\u00e9via sobre Recadastramento de Servidores Local: SMF<\/p>\n\n\n\n<p>11h<\/p>\n\n\n\n<p>Reuni\u00e3o com Diretor de Controle Interno Pedro Reys, Sr. Eduardo Rezende Sr. Leandro Carioni, Sr. Cleber Nascimento, Diretora de Planejamento e Desenvolvimento Institucional Priscila Borges, Sra. Adriana Neves.<br>Pauta: CERTI &#8211; Ecossistema de Inova\u00e7\u00e3o<\/p>\n\n\n\n<p>13h<br>Despacho Interno com Subs. de Receitas Sr. Juan Rodrigues<br>Pauta: Retomada Econ\u00f4mica<br>Local: SMF<\/p>\n\n\n\n<p>14h<br>Reuni\u00e3o com Subs de Finan\u00e7as Sr. Heitor Moreira, Diretora de Contabilidade Sra. Fernanda Rodrigues, Subs. de Contabilidade Sra. Yasmim Monteiro, Controladora do Munic\u00edpio Sra. Cristiane Mara, Procurador Dr. Guilherme Hombeeck, Consultora Sra. Carla Arese, Auditor Jorge Gon\u00e7alves<br>Pauta: Repasse M\u00ednimo da Educa\u00e7\u00e3o<br>Videoconfer\u00eancia<\/p>\n\n\n\n<p>15h30<br>Gabinete de Crise<\/p>\n\n\n\n<p>17h<br>Live<\/p>\n","protected":false},"excerpt":{"rendered":"<p>10hReuni\u00e3o com Subs. de Finan\u00e7as Sr. Heitor Moreira, Diretor do Tesouro Francisco MarinsPauta: Pr\u00e9via sobre Recadastramento de Servidores Local: SMF 11h Reuni\u00e3o com Diretor de Controle Interno Pedro Reys, Sr. [&hellip;]<\/p>\n","protected":false},"author":20,"featured_media":911,"comment_status":"closed","ping_status":"closed","sticky":false,"template":"","format":"standard","meta":{"_et_pb_use_builder":"","_et_pb_old_content":"","_et_gb_content_width":"","_usar_header_alternativo":false,"footnotes":""},"categories":[394],"tags":[397,452],"class_list":["post-17269","post","type-post","status-publish","format-standard","has-post-thumbnail","hentry","category-agenda","tag-agenda-da-secretaria","tag-transparencia","et-has-post-format-content","et_post_format-et-post-format-standard"],"_links":{"self":[{"href":"https:\/\/www.fazenda.niteroi.rj.gov.br\/site\/wp-json\/wp\/v2\/posts\/17269","targetHints":{"allow":["GET"]}}],"collection":[{"href":"https:\/\/www.fazenda.niteroi.rj.gov.br\/site\/wp-json\/wp\/v2\/posts"}],"about":[{"href":"https:\/\/www.fazenda.niteroi.rj.gov.br\/site\/wp-json\/wp\/v2\/types\/post"}],"author":[{"embeddable":true,"href":"https:\/\/www.fazenda.niteroi.rj.gov.br\/site\/wp-json\/wp\/v2\/users\/20"}],"replies":[{"embeddable":true,"href":"https:\/\/www.fazenda.niteroi.rj.gov.br\/site\/wp-json\/wp\/v2\/comments?post=17269"}],"version-history":[{"count":0,"href":"https:\/\/www.fazenda.niteroi.rj.gov.br\/site\/wp-json\/wp\/v2\/posts\/17269\/revisions"}],"wp:featuredmedia":[{"embeddable":true,"href":"https:\/\/www.fazenda.niteroi.rj.gov.br\/site\/wp-json\/wp\/v2\/media\/911"}],"wp:attachment":[{"href":"https:\/\/www.fazenda.niteroi.rj.gov.br\/site\/wp-json\/wp\/v2\/media?parent=17269"}],"wp:term":[{"taxonomy":"category","embeddable":true,"href":"https:\/\/www.fazenda.niteroi.rj.gov.br\/site\/wp-json\/wp\/v2\/categories?post=17269"},{"taxonomy":"post_tag","embeddable":true,"href":"https:\/\/www.fazenda.niteroi.rj.gov.br\/site\/wp-json\/wp\/v2\/tags?post=17269"}],"curies":[{"name":"wp","href":"https:\/\/api.w.org\/{rel}","templated":true}]}}