{"id":17288,"date":"2021-09-13T14:06:38","date_gmt":"2021-09-13T17:06:38","guid":{"rendered":"\/site\/?p=17288"},"modified":"2021-09-13T14:06:42","modified_gmt":"2021-09-13T17:06:42","slug":"agenda-13-09-2021-segunda-feira","status":"publish","type":"post","link":"https:\/\/www.fazenda.niteroi.rj.gov.br\/site\/agenda-13-09-2021-segunda-feira\/","title":{"rendered":"AGENDA 13\/09\/2021 SEGUNDA-FEIRA"},"content":{"rendered":"\n<p>10h<br>Despacho Interno<\/p>\n\n\n\n<p>10h30<br>Reuni\u00e3o \u2013 Ponto de Controle com os Dirigentes da Secretaria Municipal de Fazenda.<br>Local: SMF<\/p>\n\n\n\n<p>11h30<br>Reuni\u00e3o com Diretora de Planejamento e Desenvolvimento Institucional Priscila Borges, Secret\u00e1ria de Planejamento e Gest\u00e3o Sra. Ellen Benedetti, Subs de Planejamento e Gest\u00e3o Sra. Isadora Modesto, Sra. Isabela de Jesus, Sr. Daniel Gaspar, Secret\u00e1rio de Administra\u00e7\u00e3o Sr. Luiz Vieira<br>Pauta: Gest\u00e3o Estrat\u00e9gica de Pessoas PMN<br>Videoconfer\u00eancia<\/p>\n\n\n\n<p>12h30<br>Despacho Interno<\/p>\n\n\n\n<p>14h<br>Reuni\u00e3o do Conselho Gestor do Fundo de Cr\u00e9dito Emergencial, Subs. de Finan\u00e7as Sr. Heitor Moreira, Diretora Sra. Larissa Carvalho, Diretor Sr. Lucas Almeida, Subs. de Governo Sr. Alexsandre Sampaio, Subs. de Desenvolvimento Econ\u00f4mico Sra. Lindalva Cavcalcanti, Secret\u00e1ria de Planejamento e Gest\u00e3o Sra. Ellen Benedetti, Secret\u00e1ria de Governo Sra. R\u00fabia Secondino<br>Local: SMF<\/p>\n\n\n\n<p>15h<br>Reuni\u00e3o com Exmo. Sr. Prefeito Axel Grael<br>Pauta: Ponto de Controle \u2013 Benef\u00edcios<\/p>\n\n\n\n<p>16h30<br>Gabinete de Crise<\/p>\n\n\n\n<p>18h<br>Live<\/p>\n","protected":false},"excerpt":{"rendered":"<p>10hDespacho Interno 10h30Reuni\u00e3o \u2013 Ponto de Controle com os Dirigentes da Secretaria Municipal de Fazenda.Local: SMF 11h30Reuni\u00e3o com Diretora de Planejamento e Desenvolvimento Institucional Priscila Borges, Secret\u00e1ria de Planejamento e [&hellip;]<\/p>\n","protected":false},"author":20,"featured_media":0,"comment_status":"closed","ping_status":"closed","sticky":false,"template":"","format":"standard","meta":{"_et_pb_use_builder":"","_et_pb_old_content":"","_et_gb_content_width":"","_usar_header_alternativo":false,"footnotes":""},"categories":[116],"tags":[],"class_list":["post-17288","post","type-post","status-publish","format-standard","hentry","category-rascunhos","et-doesnt-have-format-content","et_post_format-et-post-format-standard"],"_links":{"self":[{"href":"https:\/\/www.fazenda.niteroi.rj.gov.br\/site\/wp-json\/wp\/v2\/posts\/17288","targetHints":{"allow":["GET"]}}],"collection":[{"href":"https:\/\/www.fazenda.niteroi.rj.gov.br\/site\/wp-json\/wp\/v2\/posts"}],"about":[{"href":"https:\/\/www.fazenda.niteroi.rj.gov.br\/site\/wp-json\/wp\/v2\/types\/post"}],"author":[{"embeddable":true,"href":"https:\/\/www.fazenda.niteroi.rj.gov.br\/site\/wp-json\/wp\/v2\/users\/20"}],"replies":[{"embeddable":true,"href":"https:\/\/www.fazenda.niteroi.rj.gov.br\/site\/wp-json\/wp\/v2\/comments?post=17288"}],"version-history":[{"count":1,"href":"https:\/\/www.fazenda.niteroi.rj.gov.br\/site\/wp-json\/wp\/v2\/posts\/17288\/revisions"}],"predecessor-version":[{"id":17289,"href":"https:\/\/www.fazenda.niteroi.rj.gov.br\/site\/wp-json\/wp\/v2\/posts\/17288\/revisions\/17289"}],"wp:attachment":[{"href":"https:\/\/www.fazenda.niteroi.rj.gov.br\/site\/wp-json\/wp\/v2\/media?parent=17288"}],"wp:term":[{"taxonomy":"category","embeddable":true,"href":"https:\/\/www.fazenda.niteroi.rj.gov.br\/site\/wp-json\/wp\/v2\/categories?post=17288"},{"taxonomy":"post_tag","embeddable":true,"href":"https:\/\/www.fazenda.niteroi.rj.gov.br\/site\/wp-json\/wp\/v2\/tags?post=17288"}],"curies":[{"name":"wp","href":"https:\/\/api.w.org\/{rel}","templated":true}]}}