{"id":17324,"date":"2021-09-17T11:14:50","date_gmt":"2021-09-17T14:14:50","guid":{"rendered":"\/site\/?p=17324"},"modified":"2021-09-17T11:14:54","modified_gmt":"2021-09-17T14:14:54","slug":"agenda-17-09-2021-sexta-feira","status":"publish","type":"post","link":"https:\/\/www.fazenda.niteroi.rj.gov.br\/site\/agenda-17-09-2021-sexta-feira\/","title":{"rendered":"AGENDA 17\/09\/2021 SEXTA-FEIRA"},"content":{"rendered":"\n<p>11H<br>Despacho Interno com Diretor de Controle Interno Pedro Reys<\/p>\n\n\n\n<p>11h30<br>Reuni\u00e3o com Diretor de Controle Interno Sr. Pedro Reys, Diretora de Planejamento e Desenvolvimento Institucional Priscila Borges, Superintendente Jur\u00eddico Sr. Guilherme Hombeeck<\/p>\n\n\n\n<p>14h Despacho Interno com Secret\u00e1rio de Receitas Juan Rodrigues.<\/p>\n\n\n\n<p>17h<br>Lan\u00e7amento do Programa Niter\u00f3i Cidad\u00e3<br>Local: Reserva Cultural \u2013 Sala Nelson Pereira dos Santos<\/p>\n","protected":false},"excerpt":{"rendered":"<p>11HDespacho Interno com Diretor de Controle Interno Pedro Reys 11h30Reuni\u00e3o com Diretor de Controle Interno Sr. Pedro Reys, Diretora de Planejamento e Desenvolvimento Institucional Priscila Borges, Superintendente Jur\u00eddico Sr. Guilherme [&hellip;]<\/p>\n","protected":false},"author":20,"featured_media":0,"comment_status":"closed","ping_status":"closed","sticky":false,"template":"","format":"standard","meta":{"_et_pb_use_builder":"","_et_pb_old_content":"","_et_gb_content_width":"","_usar_header_alternativo":false,"footnotes":""},"categories":[394],"tags":[397,452],"class_list":["post-17324","post","type-post","status-publish","format-standard","hentry","category-agenda","tag-agenda-da-secretaria","tag-transparencia","et-doesnt-have-format-content","et_post_format-et-post-format-standard"],"_links":{"self":[{"href":"https:\/\/www.fazenda.niteroi.rj.gov.br\/site\/wp-json\/wp\/v2\/posts\/17324","targetHints":{"allow":["GET"]}}],"collection":[{"href":"https:\/\/www.fazenda.niteroi.rj.gov.br\/site\/wp-json\/wp\/v2\/posts"}],"about":[{"href":"https:\/\/www.fazenda.niteroi.rj.gov.br\/site\/wp-json\/wp\/v2\/types\/post"}],"author":[{"embeddable":true,"href":"https:\/\/www.fazenda.niteroi.rj.gov.br\/site\/wp-json\/wp\/v2\/users\/20"}],"replies":[{"embeddable":true,"href":"https:\/\/www.fazenda.niteroi.rj.gov.br\/site\/wp-json\/wp\/v2\/comments?post=17324"}],"version-history":[{"count":1,"href":"https:\/\/www.fazenda.niteroi.rj.gov.br\/site\/wp-json\/wp\/v2\/posts\/17324\/revisions"}],"predecessor-version":[{"id":17326,"href":"https:\/\/www.fazenda.niteroi.rj.gov.br\/site\/wp-json\/wp\/v2\/posts\/17324\/revisions\/17326"}],"wp:attachment":[{"href":"https:\/\/www.fazenda.niteroi.rj.gov.br\/site\/wp-json\/wp\/v2\/media?parent=17324"}],"wp:term":[{"taxonomy":"category","embeddable":true,"href":"https:\/\/www.fazenda.niteroi.rj.gov.br\/site\/wp-json\/wp\/v2\/categories?post=17324"},{"taxonomy":"post_tag","embeddable":true,"href":"https:\/\/www.fazenda.niteroi.rj.gov.br\/site\/wp-json\/wp\/v2\/tags?post=17324"}],"curies":[{"name":"wp","href":"https:\/\/api.w.org\/{rel}","templated":true}]}}