{"id":17599,"date":"2021-10-15T13:03:07","date_gmt":"2021-10-15T16:03:07","guid":{"rendered":"https:\/\/www.fazenda.niteroi.rj.gov.br\/site\/?p=17599"},"modified":"2021-10-15T15:27:45","modified_gmt":"2021-10-15T18:27:45","slug":"pauta-de-julgamentos-sessao-virtual-do-dia-20-de-outubro-de-2021","status":"publish","type":"post","link":"https:\/\/www.fazenda.niteroi.rj.gov.br\/site\/pauta-de-julgamentos-sessao-virtual-do-dia-20-de-outubro-de-2021\/","title":{"rendered":"Pauta de Julgamentos \u2013 Sess\u00e3o Virtual do dia 20 de outubro de 2021"},"content":{"rendered":"\n<p class=\"has-text-align-center\"><strong>PREFEITURA MUNICIPAL DE NITER\u00d3I<\/strong><\/p>\n\n\n\n<p class=\"has-text-align-center\"><strong><span style=\"text-decoration: underline;\">CONSELHO DE CONTRIBUINTES DO MUNIC\u00cdPIO DE NITER\u00d3I \u2013 FCCN<\/span><\/strong><\/p>\n\n\n\n<p class=\"has-text-align-left\"><strong>REUNI\u00c3O VIRTUAL PARA JULGAMENTOS DE RECURSOS, A SER REALIZADA NO DIA <\/strong><strong>20 DE OUTUBRO DE 2021<\/strong><strong>, COM <\/strong><strong>IN\u00cdCIO \u00c0S 10:00<\/strong><strong>,<\/strong><\/p>\n\n\n\n<p class=\"has-text-align-center\"><strong><span style=\"text-decoration: underline;\">Pauta de Julgamentos \u2013 Sess\u00e3o Virtual<\/span><\/strong><br><strong>(Art. 15, \u00a7 3\u00ba, da Lei n\u00ba 2.228\/2005, Art. 76 do Decreto n\u00ba 9.735\/2005 e Art. 4\u00ba da Resolu\u00e7\u00e3o n\u00ba 01\/2020 do Conselho de Contribuintes do Munic\u00edpio de Niter\u00f3i)<\/strong><\/p>\n\n\n\n<p>\u25ba <strong><span style=\"text-decoration: underline;\">1286\u00aa Sess\u00e3o Ordin\u00e1ria<\/span>:<\/strong><\/p>\n\n\n\n<p><strong>PROCESSO: 080\/003094\/2016 &#8211; ESPELHO 030\/010106\/2021<\/strong><br>RECORRENTE: &#8211; SAMUEL VINICIUS OLIVEIRA DA ROSA<br>RECORRIDO: &#8211; SECRETARIA MUNICIPAL DE FAZENDA<br>RELATOR: &#8211; PAULINO GON\u00c7ALVES MOREIRA LEITE FILHO<br>REPRESENTANTE DA FAZENDA: \u2013 S\u00c9RGIO DALIA BARBOSA<br>SUSTENTA\u00c7\u00c3O ORAL: &#8211; FELIPPE VIEIRA MONTEIRO OAB\/RJ 221.261<\/p>\n\n\n\n<p>\u25ba <strong><span style=\"text-decoration: underline;\">1287\u00aa Sess\u00e3o Ordin\u00e1ria<\/span>:<\/strong><\/p>\n\n\n\n<p><strong>PROCESSO: 030\/008729\/2017 &#8211; ESPELHO 030\/010862\/2021<\/strong><br>RECORRENTE: &#8211; LUMARJ PRESTA\u00c7\u00c3O DE SERVI\u00c7OS AUXILIARES<br>RECORRIDO: &#8211; SECRETARIA MUNICIPAL DE FAZENDA<br>RELATOR: &#8211; EDUARDO SOBRAL TAVARES<br>REPRESENTANTE DA FAZENDA \u2013 RAFAEL HENZE PIMENTEL<\/p>\n\n\n\n<p><strong>PROCESSO: 030\/016301\/2017 &#8211; ESPELHO 030\/010864\/2021<\/strong><br>RECORRENTE: &#8211; LUMARJ PRESTA\u00c7\u00c3O DE SERVI\u00c7OS AUXILIARES<br>RECORRIDO: &#8211; SECRETARIA MUNICIPAL DE FAZENDA<br>RELATOR: &#8211; EDUARDO SOBRAL TAVARES<br>REPRESENTANTE DA FAZENDA \u2013 RAFAEL HENZE PIMENTEL<\/p>\n\n\n\n<p><strong>PROCESSO: 030\/010494\/2016 &#8211; ESPELHO 030\/012070\/2021<\/strong><br>RECORRENTE: &#8211; IMPAR SERVI\u00c7OS HOSPITALARES S.A.<br>RECORRIDO: &#8211; SECRETARIA MUNICIPAL DE FAZENDA<br>RELATOR: &#8211; M\u00c1RCIO MATEUS DE MACEDO<br>REPRESENTANTE DA FAZENDA \u2013 ANDR\u00c9 LU\u00cdS CARDOSO PIRES<\/p>\n\n\n\n<p><strong>PROCESSO: 030\/005435\/2018 \u2013 ESPELHO 030\/012078\/2021<\/strong><br>RECORRENTE: &#8211; LP 336 EDUCA\u00c7\u00c3O INFANTIL EIRELI<br>RECORRIDO: &#8211; SECRETARIA MUNICIPAL DE FAZENDA<br>RELATOR: &#8211; M\u00c1RCIO MATEUS DE MACEDO<br>REPRESENTANTE DA FAZENDA \u2013 RAFAEL HENZE PIMENTEL<\/p>\n\n\n\n<p><a><\/a> CC, EM 15 DE OUTUBRO DE 2021.<\/p>\n","protected":false},"excerpt":{"rendered":"<p>PREFEITURA MUNICIPAL DE NITER\u00d3I CONSELHO DE CONTRIBUINTES DO MUNIC\u00cdPIO DE NITER\u00d3I \u2013 FCCN REUNI\u00c3O VIRTUAL PARA JULGAMENTOS DE RECURSOS, A SER REALIZADA NO DIA 20 DE OUTUBRO DE 2021, COM [&hellip;]<\/p>\n","protected":false},"author":1,"featured_media":1624,"comment_status":"closed","ping_status":"closed","sticky":false,"template":"","format":"standard","meta":{"_et_pb_use_builder":"","_et_pb_old_content":"","_et_gb_content_width":"","_usar_header_alternativo":false,"footnotes":""},"categories":[132],"tags":[],"class_list":["post-17599","post","type-post","status-publish","format-standard","has-post-thumbnail","hentry","category-pautas","et-has-post-format-content","et_post_format-et-post-format-standard"],"_links":{"self":[{"href":"https:\/\/www.fazenda.niteroi.rj.gov.br\/site\/wp-json\/wp\/v2\/posts\/17599","targetHints":{"allow":["GET"]}}],"collection":[{"href":"https:\/\/www.fazenda.niteroi.rj.gov.br\/site\/wp-json\/wp\/v2\/posts"}],"about":[{"href":"https:\/\/www.fazenda.niteroi.rj.gov.br\/site\/wp-json\/wp\/v2\/types\/post"}],"author":[{"embeddable":true,"href":"https:\/\/www.fazenda.niteroi.rj.gov.br\/site\/wp-json\/wp\/v2\/users\/1"}],"replies":[{"embeddable":true,"href":"https:\/\/www.fazenda.niteroi.rj.gov.br\/site\/wp-json\/wp\/v2\/comments?post=17599"}],"version-history":[{"count":1,"href":"https:\/\/www.fazenda.niteroi.rj.gov.br\/site\/wp-json\/wp\/v2\/posts\/17599\/revisions"}],"predecessor-version":[{"id":17601,"href":"https:\/\/www.fazenda.niteroi.rj.gov.br\/site\/wp-json\/wp\/v2\/posts\/17599\/revisions\/17601"}],"wp:featuredmedia":[{"embeddable":true,"href":"https:\/\/www.fazenda.niteroi.rj.gov.br\/site\/wp-json\/wp\/v2\/media\/1624"}],"wp:attachment":[{"href":"https:\/\/www.fazenda.niteroi.rj.gov.br\/site\/wp-json\/wp\/v2\/media?parent=17599"}],"wp:term":[{"taxonomy":"category","embeddable":true,"href":"https:\/\/www.fazenda.niteroi.rj.gov.br\/site\/wp-json\/wp\/v2\/categories?post=17599"},{"taxonomy":"post_tag","embeddable":true,"href":"https:\/\/www.fazenda.niteroi.rj.gov.br\/site\/wp-json\/wp\/v2\/tags?post=17599"}],"curies":[{"name":"wp","href":"https:\/\/api.w.org\/{rel}","templated":true}]}}