{"id":17632,"date":"2021-10-14T12:26:00","date_gmt":"2021-10-14T15:26:00","guid":{"rendered":"https:\/\/www.fazenda.niteroi.rj.gov.br\/site\/?p=17632"},"modified":"2021-10-19T12:28:18","modified_gmt":"2021-10-19T15:28:18","slug":"agenda-14-10-2021-quinta-feira","status":"publish","type":"post","link":"https:\/\/www.fazenda.niteroi.rj.gov.br\/site\/agenda-14-10-2021-quinta-feira\/","title":{"rendered":"AGENDA 14\/10\/2021 QUINTA-FEIRA"},"content":{"rendered":"\n<p>10h30<br>Reuni\u00e3o Ponto de Controle com Dirigentes da Secretaria de Fazenda<br>Local: SMF<\/p>\n\n\n\n<p>14h<br>Reuni\u00e3o com Fiscal de Receitas F\u00e1bio Saben\u00e7a, Superintendente Jur\u00eddico Dr. Guilherme Hombeeck<br>Pauta: Patrim\u00f4nio<br>Local SMF<\/p>\n\n\n\n<p>15h<br>Reuni\u00e3o com Coordenador de Trabalho, Emprego e Renda Sr. Brizola Neto<br>Pauta: Fundo Munic. Trabalho, Emprego e Renda<br>Local: SMF<\/p>\n","protected":false},"excerpt":{"rendered":"<p>10h30Reuni\u00e3o Ponto de Controle com Dirigentes da Secretaria de FazendaLocal: SMF 14hReuni\u00e3o com Fiscal de Receitas F\u00e1bio Saben\u00e7a, Superintendente Jur\u00eddico Dr. Guilherme HombeeckPauta: Patrim\u00f4nioLocal SMF 15hReuni\u00e3o com Coordenador de Trabalho, [&hellip;]<\/p>\n","protected":false},"author":20,"featured_media":0,"comment_status":"closed","ping_status":"closed","sticky":false,"template":"","format":"standard","meta":{"_et_pb_use_builder":"","_et_pb_old_content":"","_et_gb_content_width":"","_usar_header_alternativo":false,"footnotes":""},"categories":[394],"tags":[397,452],"class_list":["post-17632","post","type-post","status-publish","format-standard","hentry","category-agenda","tag-agenda-da-secretaria","tag-transparencia","et-doesnt-have-format-content","et_post_format-et-post-format-standard"],"_links":{"self":[{"href":"https:\/\/www.fazenda.niteroi.rj.gov.br\/site\/wp-json\/wp\/v2\/posts\/17632","targetHints":{"allow":["GET"]}}],"collection":[{"href":"https:\/\/www.fazenda.niteroi.rj.gov.br\/site\/wp-json\/wp\/v2\/posts"}],"about":[{"href":"https:\/\/www.fazenda.niteroi.rj.gov.br\/site\/wp-json\/wp\/v2\/types\/post"}],"author":[{"embeddable":true,"href":"https:\/\/www.fazenda.niteroi.rj.gov.br\/site\/wp-json\/wp\/v2\/users\/20"}],"replies":[{"embeddable":true,"href":"https:\/\/www.fazenda.niteroi.rj.gov.br\/site\/wp-json\/wp\/v2\/comments?post=17632"}],"version-history":[{"count":1,"href":"https:\/\/www.fazenda.niteroi.rj.gov.br\/site\/wp-json\/wp\/v2\/posts\/17632\/revisions"}],"predecessor-version":[{"id":17633,"href":"https:\/\/www.fazenda.niteroi.rj.gov.br\/site\/wp-json\/wp\/v2\/posts\/17632\/revisions\/17633"}],"wp:attachment":[{"href":"https:\/\/www.fazenda.niteroi.rj.gov.br\/site\/wp-json\/wp\/v2\/media?parent=17632"}],"wp:term":[{"taxonomy":"category","embeddable":true,"href":"https:\/\/www.fazenda.niteroi.rj.gov.br\/site\/wp-json\/wp\/v2\/categories?post=17632"},{"taxonomy":"post_tag","embeddable":true,"href":"https:\/\/www.fazenda.niteroi.rj.gov.br\/site\/wp-json\/wp\/v2\/tags?post=17632"}],"curies":[{"name":"wp","href":"https:\/\/api.w.org\/{rel}","templated":true}]}}