{"id":17700,"date":"2021-10-22T11:28:00","date_gmt":"2021-10-22T14:28:00","guid":{"rendered":"https:\/\/www.fazenda.niteroi.rj.gov.br\/site\/?p=17700"},"modified":"2021-10-26T11:32:08","modified_gmt":"2021-10-26T14:32:08","slug":"agenda-22-10-2021-sexta-feira","status":"publish","type":"post","link":"https:\/\/www.fazenda.niteroi.rj.gov.br\/site\/agenda-22-10-2021-sexta-feira\/","title":{"rendered":"AGENDA 22\/10\/2021 SEXTA-FEIRA"},"content":{"rendered":"\n<p>10h<br>Reuni\u00e3o com os Subsecret\u00e1rios: Sr. Juan Rodrigues, Sra. Nat\u00e1lia Cardoso, Sra. Heitor Moreira, Sra. Yasmim Monteiro<\/p>\n\n\n\n<p>11h<br>Reuni\u00e3o com Subs. de Gest\u00e3o Institucional Sra. Nat\u00e1lia Cardoso, Diretora de Planejamento e Desenvolvimento Institucional Sra. Priscila Borges, Subs. de Receita Sr. Juan Rodrigues, Diretor Sr. Jo\u00e3o Costa<br>Pauta: Agentes Fazend\u00e1rios<br>Local: Audit\u00f3rio da SMF<\/p>\n\n\n\n<p>14h30<br>Reuni\u00e3o: Reuni\u00e3o com Subs. de Gest\u00e3o Institucional Sra. Nat\u00e1lia Cardoso, Diretora de Planejamento e Desenvolvimento Institucional Sra. Priscila Borges, Diretor do Controle Interno Sr. Pedro Reys, Assessora Dandara Xavier.<br>Pauta: Ecossistema de Inova\u00e7\u00e3o e Parque Tecnol\u00f3gico.<\/p>\n\n\n\n<p>15h30<br>Despacho Interno com Subs. de Receita Sr. Juan Rodrigues.<\/p>\n\n\n\n<p>16h30<br>Comiss\u00e3o de Programa\u00e7\u00e3o Financeira e Gest\u00e3o Fiscal \u2013 CPFGF<\/p>\n","protected":false},"excerpt":{"rendered":"<p>10hReuni\u00e3o com os Subsecret\u00e1rios: Sr. Juan Rodrigues, Sra. Nat\u00e1lia Cardoso, Sra. Heitor Moreira, Sra. Yasmim Monteiro 11hReuni\u00e3o com Subs. de Gest\u00e3o Institucional Sra. Nat\u00e1lia Cardoso, Diretora de Planejamento e Desenvolvimento [&hellip;]<\/p>\n","protected":false},"author":20,"featured_media":0,"comment_status":"closed","ping_status":"closed","sticky":false,"template":"","format":"standard","meta":{"_et_pb_use_builder":"","_et_pb_old_content":"","_et_gb_content_width":"","_usar_header_alternativo":false,"footnotes":""},"categories":[394],"tags":[397,452],"class_list":["post-17700","post","type-post","status-publish","format-standard","hentry","category-agenda","tag-agenda-da-secretaria","tag-transparencia","et-doesnt-have-format-content","et_post_format-et-post-format-standard"],"_links":{"self":[{"href":"https:\/\/www.fazenda.niteroi.rj.gov.br\/site\/wp-json\/wp\/v2\/posts\/17700","targetHints":{"allow":["GET"]}}],"collection":[{"href":"https:\/\/www.fazenda.niteroi.rj.gov.br\/site\/wp-json\/wp\/v2\/posts"}],"about":[{"href":"https:\/\/www.fazenda.niteroi.rj.gov.br\/site\/wp-json\/wp\/v2\/types\/post"}],"author":[{"embeddable":true,"href":"https:\/\/www.fazenda.niteroi.rj.gov.br\/site\/wp-json\/wp\/v2\/users\/20"}],"replies":[{"embeddable":true,"href":"https:\/\/www.fazenda.niteroi.rj.gov.br\/site\/wp-json\/wp\/v2\/comments?post=17700"}],"version-history":[{"count":1,"href":"https:\/\/www.fazenda.niteroi.rj.gov.br\/site\/wp-json\/wp\/v2\/posts\/17700\/revisions"}],"predecessor-version":[{"id":17701,"href":"https:\/\/www.fazenda.niteroi.rj.gov.br\/site\/wp-json\/wp\/v2\/posts\/17700\/revisions\/17701"}],"wp:attachment":[{"href":"https:\/\/www.fazenda.niteroi.rj.gov.br\/site\/wp-json\/wp\/v2\/media?parent=17700"}],"wp:term":[{"taxonomy":"category","embeddable":true,"href":"https:\/\/www.fazenda.niteroi.rj.gov.br\/site\/wp-json\/wp\/v2\/categories?post=17700"},{"taxonomy":"post_tag","embeddable":true,"href":"https:\/\/www.fazenda.niteroi.rj.gov.br\/site\/wp-json\/wp\/v2\/tags?post=17700"}],"curies":[{"name":"wp","href":"https:\/\/api.w.org\/{rel}","templated":true}]}}