{"id":18071,"date":"2021-11-26T15:19:39","date_gmt":"2021-11-26T18:19:39","guid":{"rendered":"https:\/\/www.fazenda.niteroi.rj.gov.br\/site\/?p=18071"},"modified":"2021-11-26T15:21:45","modified_gmt":"2021-11-26T18:21:45","slug":"pauta-de-julgamento-sessao-virtual-dia-01-de-dezembro-de-2021","status":"publish","type":"post","link":"https:\/\/www.fazenda.niteroi.rj.gov.br\/site\/pauta-de-julgamento-sessao-virtual-dia-01-de-dezembro-de-2021\/","title":{"rendered":"PAUTA DE JULGAMENTO \u2013 SESS\u00c3O VIRTUAL DIA  01 DE dezembro de 2021."},"content":{"rendered":"\n<p><strong>PREFEITURA MUNICIPAL DE NITER\u00d3I<\/strong><\/p>\n\n\n\n<p><strong><u>CONSELHO DE CONTRIBUINTES DO MUNIC\u00cdPIO DE NITER\u00d3I \u2013 CC<\/u><\/strong><\/p>\n\n\n\n<p><strong>REUNI\u00c3O PARA JULGAMENTOS DE RECURSOS, A SER REALIZADA NO DIA 01 <u>DE DEZEMBRO DE 2021<\/u>, COM <u>IN\u00cdCIO \u00c0S 10:00<\/u>,<\/strong><\/p>\n\n\n\n<p><strong><u>Pauta de Julgamentos<\/u><\/strong><\/p>\n\n\n\n<p><strong>(Art. 15, \u00a7 3\u00ba, da Lei n\u00ba 2.228\/2005 e Art. 76 do Decreto n\u00ba 9.735\/2005 e Art. 4\u00ba da Resolu\u00e7\u00e3o n\u00ba 01\/2020 do Conselho de Contribuintes do Munic\u00edpio de Niter\u00f3i)<\/strong><\/p>\n\n\n\n<p><strong><u>\u25ba<\/u><\/strong><strong><u> 1.298\u00ba Sess\u00e3o Ordin\u00e1ria:<\/u><\/strong><\/p>\n\n\n\n<ol class=\"wp-block-list\" type=\"1\"><li><strong>PROCESSO: 030\/008.514\/2018 (ESPELHO 030\/013.688\/2021)<\/strong><\/li><\/ol>\n\n\n\n<p>RECORRENTE:&nbsp; ALPHA VISION COM\u00c9RCIO E SERVI\u00c7O DE TELEFONIA LTDA<\/p>\n\n\n\n<p>RECORRIDO: SECRETARIA MUNICIPAL DE FAZENDA<\/p>\n\n\n\n<p>REP. DA FAZENDA: &#8211; ANDRE LUIS CARDOSO PIRES<\/p>\n\n\n\n<p>CONSELHEIRO\/RELATOR: &#8211; FRANCISCO DA CUNHA FERREIRA<\/p>\n\n\n\n<ol class=\"wp-block-list\" type=\"1\" start=\"2\"><li><strong>PROCESSO: 030\/008.512\/2018 (ESPELHO 030\/013.694\/2021)<\/strong><\/li><\/ol>\n\n\n\n<p>RECORRENTE:&nbsp; ALPHA VISION COM\u00c9RCIO E SERVI\u00c7O DE TELEFONIA LTDA<\/p>\n\n\n\n<p>RECORRIDO: SECRETARIA MUNICIPAL DE FAZENDA<\/p>\n\n\n\n<p>REP. DA FAZENDA: &#8211; ANDRE LUIS CARDOSO PIRES<\/p>\n\n\n\n<p>CONSELHEIRO\/RELATOR: &#8211; FRANCISCO DA CUNHA FERREIRA<\/p>\n\n\n\n<ol class=\"wp-block-list\" type=\"1\" start=\"3\"><li><strong>PROCESSO: 030\/008.515\/2018 (ESPELHO 030\/013.110\/2021)<\/strong><\/li><\/ol>\n\n\n\n<p>RECORRENTE:&nbsp; ALPHA VISION COM\u00c9RCIO E SERVI\u00c7O DE TELEFONIA LTDA<\/p>\n\n\n\n<p>RECORRIDO: SECRETARIA MUNICIPAL DE FAZENDA<\/p>\n\n\n\n<p>RECORRENTE: SECRETARIA MUNCIPAL DE FAZENDA<\/p>\n\n\n\n<p>RECORRIDO: ALPHA VISION COM\u00c9RCIO E SERVI\u00c7O DE TELEFONIA LTDA<\/p>\n\n\n\n<p>REP. DA FAZENDA: &#8211; ANDRE LUIS CARDOSO PIRES<\/p>\n\n\n\n<p>CONSELHEIRO\/RELATOR: &#8211; FRANCISCO DA CUNHA FERREIRA<\/p>\n\n\n\n<ol class=\"wp-block-list\" type=\"1\" start=\"4\"><li><strong>PROCESSO: 030\/008.516\/2018 (ESPELHO 030\/015.898\/2021)<\/strong><\/li><li><strong>PROCESSO: 030\/008.513\/2018 (ESPELHO 030\/015.924\/2021)<\/strong><\/li><\/ol>\n\n\n\n<p>RECORRENTE: &#8211; SECRETARIA MUNICIPAL DE FAZENDA<\/p>\n\n\n\n<p>RECORRIDO: &#8211; ALPHA VISION COM\u00c9RCIO E SERVI\u00c7O DE TELEFONIA LTDA<\/p>\n\n\n\n<p>REP. DA FAZENDA: &#8211; ANDRE LUIS CARDOSO PIRES<\/p>\n\n\n\n<p>CONSELHEIRO\/RELATOR: &#8211; FRANCISCO DA CUNHA FERREIRA<\/p>\n\n\n\n<p>\u00a0\u00a0\u00a0\u00a0\u00a0\u00a0\u00a0\u00a0\u00a0\u00a0\u00a0\u00a0\u00a0\u00a0\u00a0\u00a0\u00a0 <strong>FCCN, EM 26 DE NOVEMBRO DE 2021<\/strong><\/p>\n","protected":false},"excerpt":{"rendered":"<p>PREFEITURA MUNICIPAL DE NITER\u00d3I CONSELHO DE CONTRIBUINTES DO MUNIC\u00cdPIO DE NITER\u00d3I \u2013 CC REUNI\u00c3O PARA JULGAMENTOS DE RECURSOS, A SER REALIZADA NO DIA 01 DE DEZEMBRO DE 2021, COM IN\u00cdCIO [&hellip;]<\/p>\n","protected":false},"author":4,"featured_media":0,"comment_status":"closed","ping_status":"closed","sticky":false,"template":"","format":"standard","meta":{"_et_pb_use_builder":"","_et_pb_old_content":"","_et_gb_content_width":"","_usar_header_alternativo":false,"footnotes":""},"categories":[126,132],"tags":[],"class_list":["post-18071","post","type-post","status-publish","format-standard","hentry","category-ccn","category-pautas","et-doesnt-have-format-content","et_post_format-et-post-format-standard"],"_links":{"self":[{"href":"https:\/\/www.fazenda.niteroi.rj.gov.br\/site\/wp-json\/wp\/v2\/posts\/18071","targetHints":{"allow":["GET"]}}],"collection":[{"href":"https:\/\/www.fazenda.niteroi.rj.gov.br\/site\/wp-json\/wp\/v2\/posts"}],"about":[{"href":"https:\/\/www.fazenda.niteroi.rj.gov.br\/site\/wp-json\/wp\/v2\/types\/post"}],"author":[{"embeddable":true,"href":"https:\/\/www.fazenda.niteroi.rj.gov.br\/site\/wp-json\/wp\/v2\/users\/4"}],"replies":[{"embeddable":true,"href":"https:\/\/www.fazenda.niteroi.rj.gov.br\/site\/wp-json\/wp\/v2\/comments?post=18071"}],"version-history":[{"count":2,"href":"https:\/\/www.fazenda.niteroi.rj.gov.br\/site\/wp-json\/wp\/v2\/posts\/18071\/revisions"}],"predecessor-version":[{"id":18074,"href":"https:\/\/www.fazenda.niteroi.rj.gov.br\/site\/wp-json\/wp\/v2\/posts\/18071\/revisions\/18074"}],"wp:attachment":[{"href":"https:\/\/www.fazenda.niteroi.rj.gov.br\/site\/wp-json\/wp\/v2\/media?parent=18071"}],"wp:term":[{"taxonomy":"category","embeddable":true,"href":"https:\/\/www.fazenda.niteroi.rj.gov.br\/site\/wp-json\/wp\/v2\/categories?post=18071"},{"taxonomy":"post_tag","embeddable":true,"href":"https:\/\/www.fazenda.niteroi.rj.gov.br\/site\/wp-json\/wp\/v2\/tags?post=18071"}],"curies":[{"name":"wp","href":"https:\/\/api.w.org\/{rel}","templated":true}]}}