{"id":18139,"date":"2021-12-03T09:22:00","date_gmt":"2021-12-03T12:22:00","guid":{"rendered":"https:\/\/www.fazenda.niteroi.rj.gov.br\/site\/?p=18139"},"modified":"2021-12-06T09:26:21","modified_gmt":"2021-12-06T12:26:21","slug":"agenda-03-12-2021-sexta-feira","status":"publish","type":"post","link":"https:\/\/www.fazenda.niteroi.rj.gov.br\/site\/agenda-03-12-2021-sexta-feira\/","title":{"rendered":"AGENDA 03\/12\/2021 SEXTA-FEIRA"},"content":{"rendered":"\n<p>10h<br>Reuni\u00e3o Renata Santos e Rayne<br>Local: SMF<\/p>\n\n\n\n<p>11h<br>Convoca\u00e7\u00e3o de Reuni\u00e3o do CETI Extraordin\u00e1rio<br>Videoconfer\u00eancia<\/p>\n\n\n\n<p>13h30<br>Despacho Interno com Subs de Receita Sr. Juan<\/p>\n\n\n\n<p>15h<br>Reuni\u00e3o com Secret\u00e1rio das Culturas Sr. Leonardo Giordano, Secret\u00e1rio de Assuntos Estrat\u00e9gicos Sr. Andr\u00e9 Diniz, Presidente da FAN Marcos Sabino.<br>Pauta: Prepara\u00e7\u00e3o encontro cultura &#8211; pacto de retomada<br>Local: Solar do Jambeiro<\/p>\n","protected":false},"excerpt":{"rendered":"<p>10hReuni\u00e3o Renata Santos e RayneLocal: SMF 11hConvoca\u00e7\u00e3o de Reuni\u00e3o do CETI Extraordin\u00e1rioVideoconfer\u00eancia 13h30Despacho Interno com Subs de Receita Sr. Juan 15hReuni\u00e3o com Secret\u00e1rio das Culturas Sr. Leonardo Giordano, Secret\u00e1rio de [&hellip;]<\/p>\n","protected":false},"author":20,"featured_media":0,"comment_status":"closed","ping_status":"closed","sticky":false,"template":"","format":"standard","meta":{"_et_pb_use_builder":"","_et_pb_old_content":"","_et_gb_content_width":"","_usar_header_alternativo":false,"footnotes":""},"categories":[394],"tags":[397,452],"class_list":["post-18139","post","type-post","status-publish","format-standard","hentry","category-agenda","tag-agenda-da-secretaria","tag-transparencia","et-doesnt-have-format-content","et_post_format-et-post-format-standard"],"_links":{"self":[{"href":"https:\/\/www.fazenda.niteroi.rj.gov.br\/site\/wp-json\/wp\/v2\/posts\/18139","targetHints":{"allow":["GET"]}}],"collection":[{"href":"https:\/\/www.fazenda.niteroi.rj.gov.br\/site\/wp-json\/wp\/v2\/posts"}],"about":[{"href":"https:\/\/www.fazenda.niteroi.rj.gov.br\/site\/wp-json\/wp\/v2\/types\/post"}],"author":[{"embeddable":true,"href":"https:\/\/www.fazenda.niteroi.rj.gov.br\/site\/wp-json\/wp\/v2\/users\/20"}],"replies":[{"embeddable":true,"href":"https:\/\/www.fazenda.niteroi.rj.gov.br\/site\/wp-json\/wp\/v2\/comments?post=18139"}],"version-history":[{"count":1,"href":"https:\/\/www.fazenda.niteroi.rj.gov.br\/site\/wp-json\/wp\/v2\/posts\/18139\/revisions"}],"predecessor-version":[{"id":18140,"href":"https:\/\/www.fazenda.niteroi.rj.gov.br\/site\/wp-json\/wp\/v2\/posts\/18139\/revisions\/18140"}],"wp:attachment":[{"href":"https:\/\/www.fazenda.niteroi.rj.gov.br\/site\/wp-json\/wp\/v2\/media?parent=18139"}],"wp:term":[{"taxonomy":"category","embeddable":true,"href":"https:\/\/www.fazenda.niteroi.rj.gov.br\/site\/wp-json\/wp\/v2\/categories?post=18139"},{"taxonomy":"post_tag","embeddable":true,"href":"https:\/\/www.fazenda.niteroi.rj.gov.br\/site\/wp-json\/wp\/v2\/tags?post=18139"}],"curies":[{"name":"wp","href":"https:\/\/api.w.org\/{rel}","templated":true}]}}