{"id":18197,"date":"2021-12-10T15:13:07","date_gmt":"2021-12-10T18:13:07","guid":{"rendered":"https:\/\/www.fazenda.niteroi.rj.gov.br\/site\/?p=18197"},"modified":"2021-12-10T15:29:21","modified_gmt":"2021-12-10T18:29:21","slug":"acordao-no-2532-2020","status":"publish","type":"post","link":"https:\/\/www.fazenda.niteroi.rj.gov.br\/site\/acordao-no-2532-2020\/","title":{"rendered":"ACORD\u00c3O N\u00ba 2532\/2020"},"content":{"rendered":"\n<ul class=\"wp-block-list\"><li>1179\u00ba Sess\u00e3o Ordin\u00e1ria 19\/02\/2020<\/li><li>Processos: 030\/028837\/2017<\/li><li>Recorrente: Carmem da Cunha Stankevicins<\/li><li>Ementa: \u201cIPTU &#8211; NOTIFICA\u00c7\u00c3O DE LAN\u00c7AMENTO COMPLEMENTAR. Decreto n\u00ba 10847\/09, art. 26 par\u00e1grafo \u00fanico .Pagamento integral do lan\u00e7amento. O Pagamento integral do lan\u00e7amento importa em reconhecimento da d\u00edvida, o que torna in\u00f3cuo a interposi\u00e7\u00e3o da impugna\u00e7\u00e3o ap\u00f3s seu pagamento. Recurso Volunt\u00e1rio que se nega provimento &#8211; Recurso de Of\u00edcio provido, com manuten\u00e7\u00e3o dos c\u00e1lculos originalmente efetuados pelo setor de IPTU.&#8221;<\/li><li>Inteiro Teor:&nbsp;<a href=\"https:\/\/www.fazenda.niteroi.rj.gov.br\/site\/wp-content\/uploads\/2021\/12\/ACORDAO-2532-2020.pdf\">Ac\u00f3rd\u00e3o 2532\/20201<\/a><\/li><li><strong>Enviado&nbsp; ao Secret\u00e1rio de Fazenda de Niter\u00f3i para homologa\u00e7\u00e3o em: 27\/08\/2020.<\/strong><\/li><li>De acordo com&nbsp; o que preceitua o ART. 86 inciso II&nbsp; da Lei 3368\/2018, que estabelece as decis\u00f5es do Conselho ser\u00e3o submetidas a ato homologat\u00f3rio do Secret\u00e1rio de Fazenda.<\/li><li><strong>Data da Homologa\u00e7\u00e3o: 14\/11\/2020<\/strong><\/li><\/ul>\n\n\n\n<p>Conforme o arquivo que est\u00e1 no link a seguir:&nbsp;<a href=\"https:\/\/fazenda.niteroi.rj.gov.br\/site\/wp-content\/uploads\/2021\/03\/HOMOLOGACAO-26267-2017.pdf\">Homologa\u00e7\u00e3o <\/a><a href=\"https:\/\/www.fazenda.niteroi.rj.gov.br\/site\/wp-content\/uploads\/2021\/12\/HOMOLOGACAO-028837-17.pdf\">da <\/a><a href=\"https:\/\/www.fazenda.niteroi.rj.gov.br\/site\/wp-content\/uploads\/2021\/12\/HOMOLOGACAO-028837-17.pdf\" data-type=\"URL\">Secret\u00e1ria Municipal de Niter\u00f3i<\/a><\/p>\n","protected":false},"excerpt":{"rendered":"<p>1179\u00ba Sess\u00e3o Ordin\u00e1ria 19\/02\/2020 Processos: 030\/028837\/2017 Recorrente: Carmem da Cunha Stankevicins Ementa: \u201cIPTU &#8211; NOTIFICA\u00c7\u00c3O DE LAN\u00c7AMENTO COMPLEMENTAR. Decreto n\u00ba 10847\/09, art. 26 par\u00e1grafo \u00fanico .Pagamento integral do lan\u00e7amento. O [&hellip;]<\/p>\n","protected":false},"author":4,"featured_media":0,"comment_status":"closed","ping_status":"closed","sticky":false,"template":"","format":"standard","meta":{"_et_pb_use_builder":"","_et_pb_old_content":"","_et_gb_content_width":"","_usar_header_alternativo":false,"footnotes":""},"categories":[131,126],"tags":[],"class_list":["post-18197","post","type-post","status-publish","format-standard","hentry","category-acordaos","category-ccn","et-doesnt-have-format-content","et_post_format-et-post-format-standard"],"_links":{"self":[{"href":"https:\/\/www.fazenda.niteroi.rj.gov.br\/site\/wp-json\/wp\/v2\/posts\/18197","targetHints":{"allow":["GET"]}}],"collection":[{"href":"https:\/\/www.fazenda.niteroi.rj.gov.br\/site\/wp-json\/wp\/v2\/posts"}],"about":[{"href":"https:\/\/www.fazenda.niteroi.rj.gov.br\/site\/wp-json\/wp\/v2\/types\/post"}],"author":[{"embeddable":true,"href":"https:\/\/www.fazenda.niteroi.rj.gov.br\/site\/wp-json\/wp\/v2\/users\/4"}],"replies":[{"embeddable":true,"href":"https:\/\/www.fazenda.niteroi.rj.gov.br\/site\/wp-json\/wp\/v2\/comments?post=18197"}],"version-history":[{"count":5,"href":"https:\/\/www.fazenda.niteroi.rj.gov.br\/site\/wp-json\/wp\/v2\/posts\/18197\/revisions"}],"predecessor-version":[{"id":18212,"href":"https:\/\/www.fazenda.niteroi.rj.gov.br\/site\/wp-json\/wp\/v2\/posts\/18197\/revisions\/18212"}],"wp:attachment":[{"href":"https:\/\/www.fazenda.niteroi.rj.gov.br\/site\/wp-json\/wp\/v2\/media?parent=18197"}],"wp:term":[{"taxonomy":"category","embeddable":true,"href":"https:\/\/www.fazenda.niteroi.rj.gov.br\/site\/wp-json\/wp\/v2\/categories?post=18197"},{"taxonomy":"post_tag","embeddable":true,"href":"https:\/\/www.fazenda.niteroi.rj.gov.br\/site\/wp-json\/wp\/v2\/tags?post=18197"}],"curies":[{"name":"wp","href":"https:\/\/api.w.org\/{rel}","templated":true}]}}