{"id":18258,"date":"2021-12-13T12:13:42","date_gmt":"2021-12-13T15:13:42","guid":{"rendered":"https:\/\/www.fazenda.niteroi.rj.gov.br\/site\/?p=18258"},"modified":"2021-12-13T12:26:55","modified_gmt":"2021-12-13T15:26:55","slug":"acordao-no-2529-2020","status":"publish","type":"post","link":"https:\/\/www.fazenda.niteroi.rj.gov.br\/site\/acordao-no-2529-2020\/","title":{"rendered":"ACORD\u00c3O N\u00ba 2529\/2020"},"content":{"rendered":"\n<ul class=\"wp-block-list\"><li>1177\u00ba Sess\u00e3o Ordin\u00e1ria 12\/02\/2020<\/li><li>Processos: 030\/016951\/2016<\/li><li>Recorrente: Coordena\u00e7\u00e3o de An\u00e1lise Tribut\u00e1ria<\/li><li>Ementa: \u201c Auto de Infra\u00e7\u00e3o emitido em duplicidade com o documento de n\u00ba 01197\/16 refente ao processo 030\/016921\/16 que tamb\u00e9m se refere \u00e0 multa fiscal regulamentar em virtude de falta de apresenta\u00e7\u00e3o da DES-IF. Cancelamento que se imp\u00f5e.&#8221;<\/li><li>Inteiro Teor:\u00a0<a href=\"https:\/\/www.fazenda.niteroi.rj.gov.br\/site\/wp-content\/uploads\/2021\/12\/ACORDAO-2529-20-1.pdf\">Ac\u00f3rd\u00e3o 2529\/2020<\/a><\/li><li><strong>Enviado\u00a0 ao Secret\u00e1rio de Fazenda de Niter\u00f3i para homologa\u00e7\u00e3o em: 11\/08\/2020.<\/strong><\/li><li>De acordo com\u00a0 o que preceitua o ART. 86 inciso II\u00a0 da Lei 3368\/2018, que estabelece as decis\u00f5es do Conselho ser\u00e3o submetidas a ato homologat\u00f3rio do Secret\u00e1rio de Fazenda.<\/li><li><strong>Data da Homologa\u00e7\u00e3o: 19\/12\/2020.<\/strong><\/li><\/ul>\n\n\n\n<p>Conforme o arquivo que est\u00e1 no link a seguir :&nbsp;<a href=\"https:\/\/www.fazenda.niteroi.rj.gov.br\/site\/wp-content\/uploads\/2021\/12\/HOMOLOGACAO-PROC.-016951-16.pdf\">Homologa\u00e7\u00e3o da Secret\u00e1ria Municipal de Niter\u00f3i<\/a><\/p>\n\n\n\n<p><\/p>\n","protected":false},"excerpt":{"rendered":"<p>1177\u00ba Sess\u00e3o Ordin\u00e1ria 12\/02\/2020 Processos: 030\/016951\/2016 Recorrente: Coordena\u00e7\u00e3o de An\u00e1lise Tribut\u00e1ria Ementa: \u201c Auto de Infra\u00e7\u00e3o emitido em duplicidade com o documento de n\u00ba 01197\/16 refente ao processo 030\/016921\/16 que [&hellip;]<\/p>\n","protected":false},"author":4,"featured_media":0,"comment_status":"closed","ping_status":"closed","sticky":false,"template":"","format":"standard","meta":{"_et_pb_use_builder":"","_et_pb_old_content":"","_et_gb_content_width":"","_usar_header_alternativo":false,"footnotes":""},"categories":[131,126],"tags":[],"class_list":["post-18258","post","type-post","status-publish","format-standard","hentry","category-acordaos","category-ccn","et-doesnt-have-format-content","et_post_format-et-post-format-standard"],"_links":{"self":[{"href":"https:\/\/www.fazenda.niteroi.rj.gov.br\/site\/wp-json\/wp\/v2\/posts\/18258","targetHints":{"allow":["GET"]}}],"collection":[{"href":"https:\/\/www.fazenda.niteroi.rj.gov.br\/site\/wp-json\/wp\/v2\/posts"}],"about":[{"href":"https:\/\/www.fazenda.niteroi.rj.gov.br\/site\/wp-json\/wp\/v2\/types\/post"}],"author":[{"embeddable":true,"href":"https:\/\/www.fazenda.niteroi.rj.gov.br\/site\/wp-json\/wp\/v2\/users\/4"}],"replies":[{"embeddable":true,"href":"https:\/\/www.fazenda.niteroi.rj.gov.br\/site\/wp-json\/wp\/v2\/comments?post=18258"}],"version-history":[{"count":5,"href":"https:\/\/www.fazenda.niteroi.rj.gov.br\/site\/wp-json\/wp\/v2\/posts\/18258\/revisions"}],"predecessor-version":[{"id":18274,"href":"https:\/\/www.fazenda.niteroi.rj.gov.br\/site\/wp-json\/wp\/v2\/posts\/18258\/revisions\/18274"}],"wp:attachment":[{"href":"https:\/\/www.fazenda.niteroi.rj.gov.br\/site\/wp-json\/wp\/v2\/media?parent=18258"}],"wp:term":[{"taxonomy":"category","embeddable":true,"href":"https:\/\/www.fazenda.niteroi.rj.gov.br\/site\/wp-json\/wp\/v2\/categories?post=18258"},{"taxonomy":"post_tag","embeddable":true,"href":"https:\/\/www.fazenda.niteroi.rj.gov.br\/site\/wp-json\/wp\/v2\/tags?post=18258"}],"curies":[{"name":"wp","href":"https:\/\/api.w.org\/{rel}","templated":true}]}}