{"id":18516,"date":"2021-12-20T13:00:00","date_gmt":"2021-12-20T16:00:00","guid":{"rendered":"https:\/\/www.fazenda.niteroi.rj.gov.br\/site\/?p=18516"},"modified":"2021-12-29T13:05:51","modified_gmt":"2021-12-29T16:05:51","slug":"agenda-20-12-2021-segunda-feira","status":"publish","type":"post","link":"https:\/\/www.fazenda.niteroi.rj.gov.br\/site\/agenda-20-12-2021-segunda-feira\/","title":{"rendered":"agenda 20\/12\/2021  segunda-feira"},"content":{"rendered":"\n<p>09h30<\/p>\n\n\n\n<p>Despacho Interno<\/p>\n\n\n\n<p>11h<br>Despacho Interno<\/p>\n\n\n\n<p>14h<\/p>\n\n\n\n<p>Reuni\u00e3o com os Subs: Heitor Moreira, Juan Rodrigues, Fernanda Rodrigues, Nat\u00e1lia Cardoso<\/p>\n\n\n\n<p>Pauta: Educa\u00e7\u00e3o<\/p>\n\n\n\n<p>Videoconfer\u00eancia<\/p>\n\n\n\n<p>16h<\/p>\n\n\n\n<p>Despacho Interno<\/p>\n","protected":false},"excerpt":{"rendered":"<p>09h30 Despacho Interno 11hDespacho Interno 14h Reuni\u00e3o com os Subs: Heitor Moreira, Juan Rodrigues, Fernanda Rodrigues, Nat\u00e1lia Cardoso Pauta: Educa\u00e7\u00e3o Videoconfer\u00eancia 16h Despacho Interno<\/p>\n","protected":false},"author":20,"featured_media":0,"comment_status":"closed","ping_status":"closed","sticky":false,"template":"","format":"standard","meta":{"_et_pb_use_builder":"","_et_pb_old_content":"","_et_gb_content_width":"","_usar_header_alternativo":false,"footnotes":""},"categories":[116],"tags":[],"class_list":["post-18516","post","type-post","status-publish","format-standard","hentry","category-rascunhos","et-doesnt-have-format-content","et_post_format-et-post-format-standard"],"_links":{"self":[{"href":"https:\/\/www.fazenda.niteroi.rj.gov.br\/site\/wp-json\/wp\/v2\/posts\/18516","targetHints":{"allow":["GET"]}}],"collection":[{"href":"https:\/\/www.fazenda.niteroi.rj.gov.br\/site\/wp-json\/wp\/v2\/posts"}],"about":[{"href":"https:\/\/www.fazenda.niteroi.rj.gov.br\/site\/wp-json\/wp\/v2\/types\/post"}],"author":[{"embeddable":true,"href":"https:\/\/www.fazenda.niteroi.rj.gov.br\/site\/wp-json\/wp\/v2\/users\/20"}],"replies":[{"embeddable":true,"href":"https:\/\/www.fazenda.niteroi.rj.gov.br\/site\/wp-json\/wp\/v2\/comments?post=18516"}],"version-history":[{"count":1,"href":"https:\/\/www.fazenda.niteroi.rj.gov.br\/site\/wp-json\/wp\/v2\/posts\/18516\/revisions"}],"predecessor-version":[{"id":18517,"href":"https:\/\/www.fazenda.niteroi.rj.gov.br\/site\/wp-json\/wp\/v2\/posts\/18516\/revisions\/18517"}],"wp:attachment":[{"href":"https:\/\/www.fazenda.niteroi.rj.gov.br\/site\/wp-json\/wp\/v2\/media?parent=18516"}],"wp:term":[{"taxonomy":"category","embeddable":true,"href":"https:\/\/www.fazenda.niteroi.rj.gov.br\/site\/wp-json\/wp\/v2\/categories?post=18516"},{"taxonomy":"post_tag","embeddable":true,"href":"https:\/\/www.fazenda.niteroi.rj.gov.br\/site\/wp-json\/wp\/v2\/tags?post=18516"}],"curies":[{"name":"wp","href":"https:\/\/api.w.org\/{rel}","templated":true}]}}