{"id":18637,"date":"2022-01-11T15:46:18","date_gmt":"2022-01-11T18:46:18","guid":{"rendered":"https:\/\/www.fazenda.niteroi.rj.gov.br\/site\/?p=18637"},"modified":"2022-01-11T15:47:12","modified_gmt":"2022-01-11T18:47:12","slug":"agenda-11-01-2022-terca-feira","status":"publish","type":"post","link":"https:\/\/www.fazenda.niteroi.rj.gov.br\/site\/agenda-11-01-2022-terca-feira\/","title":{"rendered":"Agenda 11\/01\/2022 Ter\u00e7a-Feira"},"content":{"rendered":"\n<p>10h<br>Ponto de Controle com os Dirigentes da SMF<\/p>\n\n\n\n<p>11h<br>Despacho com o Diretor de Controle Interno Pedro Reys<\/p>\n\n\n\n<p>12h30<br>Reuni\u00e3o com Tesoureiro Francisco Marins<br>Pauta: Rotina de pagamento<\/p>\n\n\n\n<p>14h<br>Reuni\u00e3o com Subs Institucional Sra. Nat\u00e1lia Cardoso, Analista de Pol\u00edticas P\u00fablicas Luiz Ot\u00e1vio, Coordenador de Tecnologia Sr. Fabian Philippsen<br>Pauta: Cargos de TI<\/p>\n\n\n\n<p>15h<br>Reuni\u00e3o com Assessora Dandara Xavier<br>Pauta: Relat\u00f3rios<\/p>\n\n\n\n<p>16h<br>Despacho Interno com Subs de Receita Sr.Juan Rodrigues<\/p>\n","protected":false},"excerpt":{"rendered":"<p>10hPonto de Controle com os Dirigentes da SMF 11hDespacho com o Diretor de Controle Interno Pedro Reys 12h30Reuni\u00e3o com Tesoureiro Francisco MarinsPauta: Rotina de pagamento 14hReuni\u00e3o com Subs Institucional Sra. [&hellip;]<\/p>\n","protected":false},"author":20,"featured_media":0,"comment_status":"closed","ping_status":"closed","sticky":false,"template":"","format":"standard","meta":{"_et_pb_use_builder":"","_et_pb_old_content":"","_et_gb_content_width":"","_usar_header_alternativo":false,"footnotes":""},"categories":[394],"tags":[397,452],"class_list":["post-18637","post","type-post","status-publish","format-standard","hentry","category-agenda","tag-agenda-da-secretaria","tag-transparencia","et-doesnt-have-format-content","et_post_format-et-post-format-standard"],"_links":{"self":[{"href":"https:\/\/www.fazenda.niteroi.rj.gov.br\/site\/wp-json\/wp\/v2\/posts\/18637","targetHints":{"allow":["GET"]}}],"collection":[{"href":"https:\/\/www.fazenda.niteroi.rj.gov.br\/site\/wp-json\/wp\/v2\/posts"}],"about":[{"href":"https:\/\/www.fazenda.niteroi.rj.gov.br\/site\/wp-json\/wp\/v2\/types\/post"}],"author":[{"embeddable":true,"href":"https:\/\/www.fazenda.niteroi.rj.gov.br\/site\/wp-json\/wp\/v2\/users\/20"}],"replies":[{"embeddable":true,"href":"https:\/\/www.fazenda.niteroi.rj.gov.br\/site\/wp-json\/wp\/v2\/comments?post=18637"}],"version-history":[{"count":1,"href":"https:\/\/www.fazenda.niteroi.rj.gov.br\/site\/wp-json\/wp\/v2\/posts\/18637\/revisions"}],"predecessor-version":[{"id":18638,"href":"https:\/\/www.fazenda.niteroi.rj.gov.br\/site\/wp-json\/wp\/v2\/posts\/18637\/revisions\/18638"}],"wp:attachment":[{"href":"https:\/\/www.fazenda.niteroi.rj.gov.br\/site\/wp-json\/wp\/v2\/media?parent=18637"}],"wp:term":[{"taxonomy":"category","embeddable":true,"href":"https:\/\/www.fazenda.niteroi.rj.gov.br\/site\/wp-json\/wp\/v2\/categories?post=18637"},{"taxonomy":"post_tag","embeddable":true,"href":"https:\/\/www.fazenda.niteroi.rj.gov.br\/site\/wp-json\/wp\/v2\/tags?post=18637"}],"curies":[{"name":"wp","href":"https:\/\/api.w.org\/{rel}","templated":true}]}}