{"id":18652,"date":"2022-01-12T11:43:35","date_gmt":"2022-01-12T14:43:35","guid":{"rendered":"https:\/\/www.fazenda.niteroi.rj.gov.br\/site\/?p=18652"},"modified":"2022-01-12T11:43:48","modified_gmt":"2022-01-12T14:43:48","slug":"agenda-12-01-2022-quarta-feira","status":"publish","type":"post","link":"https:\/\/www.fazenda.niteroi.rj.gov.br\/site\/agenda-12-01-2022-quarta-feira\/","title":{"rendered":"Agenda 12\/01\/2022 quarta-feira"},"content":{"rendered":"\n<p>10h30 despacho interno com o Subsecret\u00e1rio da Receita<\/p>\n\n\n\n<p>11h30 despacho interno com a Coordenadora da CAPI<\/p>\n\n\n\n<p>14h reuni\u00e3o com o Secret\u00e1rio do Clima &#8211; Luciano Paes<br>Pauta: Pr\u00e9dios P\u00fablicos<\/p>\n\n\n\n<p>15h despacho interno com a Assessoria de Planejamento<br>Pauta: Recadastramento de servidores<\/p>\n\n\n\n<p>16h despacho interno com a Subsecret\u00e1ria Nat\u00e1lia<br>Pauta: Valida\u00e7\u00e3o do decreto de temporalidade<\/p>\n","protected":false},"excerpt":{"rendered":"<p>10h30 despacho interno com o Subsecret\u00e1rio da Receita 11h30 despacho interno com a Coordenadora da CAPI 14h reuni\u00e3o com o Secret\u00e1rio do Clima &#8211; Luciano PaesPauta: Pr\u00e9dios P\u00fablicos 15h despacho [&hellip;]<\/p>\n","protected":false},"author":20,"featured_media":0,"comment_status":"closed","ping_status":"closed","sticky":false,"template":"","format":"standard","meta":{"_et_pb_use_builder":"","_et_pb_old_content":"","_et_gb_content_width":"","_usar_header_alternativo":false,"footnotes":""},"categories":[394],"tags":[397,452],"class_list":["post-18652","post","type-post","status-publish","format-standard","hentry","category-agenda","tag-agenda-da-secretaria","tag-transparencia","et-doesnt-have-format-content","et_post_format-et-post-format-standard"],"_links":{"self":[{"href":"https:\/\/www.fazenda.niteroi.rj.gov.br\/site\/wp-json\/wp\/v2\/posts\/18652","targetHints":{"allow":["GET"]}}],"collection":[{"href":"https:\/\/www.fazenda.niteroi.rj.gov.br\/site\/wp-json\/wp\/v2\/posts"}],"about":[{"href":"https:\/\/www.fazenda.niteroi.rj.gov.br\/site\/wp-json\/wp\/v2\/types\/post"}],"author":[{"embeddable":true,"href":"https:\/\/www.fazenda.niteroi.rj.gov.br\/site\/wp-json\/wp\/v2\/users\/20"}],"replies":[{"embeddable":true,"href":"https:\/\/www.fazenda.niteroi.rj.gov.br\/site\/wp-json\/wp\/v2\/comments?post=18652"}],"version-history":[{"count":1,"href":"https:\/\/www.fazenda.niteroi.rj.gov.br\/site\/wp-json\/wp\/v2\/posts\/18652\/revisions"}],"predecessor-version":[{"id":18653,"href":"https:\/\/www.fazenda.niteroi.rj.gov.br\/site\/wp-json\/wp\/v2\/posts\/18652\/revisions\/18653"}],"wp:attachment":[{"href":"https:\/\/www.fazenda.niteroi.rj.gov.br\/site\/wp-json\/wp\/v2\/media?parent=18652"}],"wp:term":[{"taxonomy":"category","embeddable":true,"href":"https:\/\/www.fazenda.niteroi.rj.gov.br\/site\/wp-json\/wp\/v2\/categories?post=18652"},{"taxonomy":"post_tag","embeddable":true,"href":"https:\/\/www.fazenda.niteroi.rj.gov.br\/site\/wp-json\/wp\/v2\/tags?post=18652"}],"curies":[{"name":"wp","href":"https:\/\/api.w.org\/{rel}","templated":true}]}}