{"id":18676,"date":"2022-01-14T19:49:40","date_gmt":"2022-01-14T22:49:40","guid":{"rendered":"https:\/\/www.fazenda.niteroi.rj.gov.br\/site\/?p=18676"},"modified":"2022-01-14T19:49:55","modified_gmt":"2022-01-14T22:49:55","slug":"pauta-de-julgamento-sessao-virtual-de-19-de-janeiro-de-2022","status":"publish","type":"post","link":"https:\/\/www.fazenda.niteroi.rj.gov.br\/site\/pauta-de-julgamento-sessao-virtual-de-19-de-janeiro-de-2022\/","title":{"rendered":"Pauta de Julgamento &#8211; Sess\u00e3o virtual de 19 de janeiro de 2022"},"content":{"rendered":"\n<p class=\"has-text-align-center\"><strong>PREFEITURA MUNICIPAL DE NITER\u00d3I<\/strong><br><strong>SECRETARIA MUNICIPAL DE FAZENDA<\/strong><br><strong>CONSELHO DE CONTRIBUINTES DO MUNIC\u00cdPIO DE NITER\u00d3I &#8211; FCCN<\/strong><\/p>\n\n\n\n<p><strong>REUNI\u00c3O VIRTUAL PARA JULGAMENTO DE RECURSOS, A SER REALIZADA NO DIA 19 DE JANEIRO DE 2022, COM IN\u00cdCIO \u00c0S 10:00 HORAS.<\/strong><\/p>\n\n\n\n<p class=\"has-text-align-center\"><strong>Pauta de julgamento &#8211; Sess\u00e3o Virtual<\/strong><\/p>\n\n\n\n<p><strong>(Art. 15, parag. 3\u00b0, da Lei 2.228\/2005, Art. 76 do Decreto 9.735\/2005 e art. 4\u00ba da Resolu\u00e7\u00e3o n\u00ba 01\/2020 do Conselho de Contribuintes do Munic\u00edpio de Niter\u00f3i)<\/strong><\/p>\n\n\n\n<h2 class=\"wp-block-heading\"><strong>1.310\u00aa Sess\u00e3o Ordin\u00e1ria:<\/strong><\/h2>\n\n\n\n<ol class=\"wp-block-list\"><li><strong>PROCESSO: &#8211; 030\/020.451\/2017 (Espelho 030\/017.649\/2021)<\/strong><\/li><\/ol>\n\n\n\n<ul class=\"wp-block-list\"><li><strong>RECORRENTE: &#8211; FAZENDA P\u00daBLICA MUNICIPAL<\/strong><\/li><li><strong>RECORRIDO: &#8211; FLORADERM FARM\u00c1CIA DE MANIPULA\u00c7\u00c3O LTDA<\/strong><\/li><li><strong>RELATOR: &#8211; DR. FRANCISCO DA CUNHA FERREIRA<\/strong><\/li><li><strong>REP. DA FAZENDA: &#8211; DR. ANDR\u00c9 LUIS CARDOSO PIRES<\/strong><\/li><\/ul>\n\n\n\n<ol class=\"wp-block-list\" start=\"2\"><li><strong>030\/018.489\/2017 (Espelho 030\/013.705\/2021)<\/strong><\/li><\/ol>\n\n\n\n<ul class=\"wp-block-list\"><li><strong>RECORRENTE: &#8211; FLORADEM FARM\u00c1CIA DE MANIPULA\u00c7\u00c3O LTDA<\/strong><\/li><li><strong>RECORRIDO: &#8211; FAZENDA P\u00daBLICA MUNICIPAL<\/strong><\/li><li><strong>RELATOR: &#8211; DR. FRANCISCO DA CUNHA FERREIRA<\/strong><\/li><li><strong>REP. DA FAZENDA: &#8211; DR. ANDR\u00c9 LUIZ CARDOSO PIRES<\/strong><\/li><li><strong>SUSTENTA\u00c7\u00c3O ORAL: &#8211; DR. THIAGO MAIA SACI OAB\/RJ 151.411<\/strong><\/li><\/ul>\n\n\n\n<ol class=\"wp-block-list\" start=\"3\"><li><strong>030\/018.535\/2017 (Espelho 030\/011.329\/2021)<\/strong><\/li><\/ol>\n\n\n\n<ul class=\"wp-block-list\"><li><strong>RECORRENTE: &#8211; FLORADEM FARM\u00c1CIA DE MANIPULA\u00c7\u00c3O LTDA<\/strong><\/li><li><strong>RECORRIDO: &#8211; FADENDA P\u00daBLICA MUNICIPAL<\/strong><\/li><li><strong>RELATOR: &#8211; DR. FRANCISCO DA CUNHA FERREIRA<\/strong><\/li><li><strong>REP. DA FAZENDA: &#8211; DR. ANDR\u00c9 LUIZ CARDOSO PIRES<\/strong><\/li><li> <strong>SUSTENTA\u00c7\u00c3O ORAL: &#8211; DR. THIAGO MAIA SACI OAB\/RJ 151.411<\/strong><\/li><\/ul>\n\n\n\n<p><strong>CC, em 14 de janeiro de 2022<\/strong><\/p>\n","protected":false},"excerpt":{"rendered":"<p>PREFEITURA MUNICIPAL DE NITER\u00d3ISECRETARIA MUNICIPAL DE FAZENDACONSELHO DE CONTRIBUINTES DO MUNIC\u00cdPIO DE NITER\u00d3I &#8211; FCCN REUNI\u00c3O VIRTUAL PARA JULGAMENTO DE RECURSOS, A SER REALIZADA NO DIA 19 DE JANEIRO DE [&hellip;]<\/p>\n","protected":false},"author":1,"featured_media":0,"comment_status":"closed","ping_status":"closed","sticky":false,"template":"","format":"standard","meta":{"_et_pb_use_builder":"","_et_pb_old_content":"","_et_gb_content_width":"","_usar_header_alternativo":false,"footnotes":""},"categories":[132],"tags":[],"class_list":["post-18676","post","type-post","status-publish","format-standard","hentry","category-pautas","et-doesnt-have-format-content","et_post_format-et-post-format-standard"],"_links":{"self":[{"href":"https:\/\/www.fazenda.niteroi.rj.gov.br\/site\/wp-json\/wp\/v2\/posts\/18676","targetHints":{"allow":["GET"]}}],"collection":[{"href":"https:\/\/www.fazenda.niteroi.rj.gov.br\/site\/wp-json\/wp\/v2\/posts"}],"about":[{"href":"https:\/\/www.fazenda.niteroi.rj.gov.br\/site\/wp-json\/wp\/v2\/types\/post"}],"author":[{"embeddable":true,"href":"https:\/\/www.fazenda.niteroi.rj.gov.br\/site\/wp-json\/wp\/v2\/users\/1"}],"replies":[{"embeddable":true,"href":"https:\/\/www.fazenda.niteroi.rj.gov.br\/site\/wp-json\/wp\/v2\/comments?post=18676"}],"version-history":[{"count":1,"href":"https:\/\/www.fazenda.niteroi.rj.gov.br\/site\/wp-json\/wp\/v2\/posts\/18676\/revisions"}],"predecessor-version":[{"id":18677,"href":"https:\/\/www.fazenda.niteroi.rj.gov.br\/site\/wp-json\/wp\/v2\/posts\/18676\/revisions\/18677"}],"wp:attachment":[{"href":"https:\/\/www.fazenda.niteroi.rj.gov.br\/site\/wp-json\/wp\/v2\/media?parent=18676"}],"wp:term":[{"taxonomy":"category","embeddable":true,"href":"https:\/\/www.fazenda.niteroi.rj.gov.br\/site\/wp-json\/wp\/v2\/categories?post=18676"},{"taxonomy":"post_tag","embeddable":true,"href":"https:\/\/www.fazenda.niteroi.rj.gov.br\/site\/wp-json\/wp\/v2\/tags?post=18676"}],"curies":[{"name":"wp","href":"https:\/\/api.w.org\/{rel}","templated":true}]}}