{"id":18719,"date":"2022-01-21T22:47:41","date_gmt":"2022-01-22T01:47:41","guid":{"rendered":"https:\/\/www.fazenda.niteroi.rj.gov.br\/site\/?p=18719"},"modified":"2022-01-21T22:49:19","modified_gmt":"2022-01-22T01:49:19","slug":"pauta-de-julgamento-sessao-virtual-dia-26-de-janeiro-de-2022-2","status":"publish","type":"post","link":"https:\/\/www.fazenda.niteroi.rj.gov.br\/site\/pauta-de-julgamento-sessao-virtual-dia-26-de-janeiro-de-2022-2\/","title":{"rendered":"PAUTA DE JULGAMENTO \u2013 SESS\u00c3O VIRTUAL DIA 26 DE JANEIRO DE 2022."},"content":{"rendered":"\n<h2 class=\"has-text-align-center wp-block-heading\"><strong>PREFEITURA MUNICIPAL DE NITER\u00d3I<\/strong><\/h2>\n\n\n\n<h3 class=\"has-text-align-center wp-block-heading\"><strong>SECRETARIA MUNICIPAL DE FAZENDA<\/strong><\/h3>\n\n\n\n<h3 class=\"has-text-align-center wp-block-heading\"><strong><u>CONSELHO DE CONTRIBUINTES DO MUNIC\u00cdPIO DE NITER\u00d3I \u2013 CC<\/u><\/strong><\/h3>\n\n\n\n<h4 class=\"has-text-align-center wp-block-heading\"><strong>REUNI\u00c3O VIRTUAL PARA JULGAMENTO DE RECURSOS, A SER REALIZADA NO DIA 26 DE JANEIRO DE 2022, COM IN\u00cdCIO AS 10:00 HORAS<\/strong> &#8211;<strong> SEGUNDA SESS\u00c3O<\/strong><\/h4>\n\n\n\n<h3 class=\"has-text-align-center wp-block-heading\"><strong><u>Pauta de julgamento \u2013 Sess\u00e3o Virtual<\/u><\/strong><\/h3>\n\n\n\n<p class=\"has-text-align-center\"><strong>(Art. 15, parag. 3\u00b0, da Lei 2.228\/2005, Art. 76 do Decreto 9.735\/2005 e art. 4\u00ba da Resolu\u00e7\u00e3o n\u00ba 01\/2020 do Conselho de Contribuintes do Munic\u00edpio de Niter\u00f3i)<\/strong><\/p>\n\n\n\n<p class=\"has-text-align-center\"><strong><u>1.313\u00aa Sess\u00e3o Ordin\u00e1ria:<\/u><\/strong><\/p>\n\n\n\n<ol class=\"wp-block-list\" type=\"1\"><li><strong>PROCESSO: &#8211; 030\/018.502\/2017 (Espelho 030\/012.081\/2021)<\/strong><\/li><\/ol>\n\n\n\n<p>RECORRENTE: &#8211; COL\u00c9GIO E CURSO DARWIN LTDA<\/p>\n\n\n\n<p>RECORRIDO: &#8211; SECRETARIA MUNICIPAL DE FAZENDA<\/p>\n\n\n\n<p>RELATOR: &#8211; EDUARDO SOBRAL TAVARES<\/p>\n\n\n\n<p>REP. DA FAZENDA: &#8211; ANDR\u00c9 LUIS CARDOSO PIRES<\/p>\n\n\n\n<p>2.<strong>&nbsp;PROCESSO: &#8211; 030\/018.310\/2017&nbsp; (Espelho 030\/013.707\/2021)<\/strong><\/p>\n\n\n\n<p>RECORRENTE: &#8211; CURSO E COL\u00c9GIO G.7 LTDA<\/p>\n\n\n\n<p>RECORRIDO: &#8211; SECRETARIA MUNICIPAL DE FAZENDA<\/p>\n\n\n\n<p>RELATOR: &#8211; EDUARDO SOBRAL TAVARES<\/p>\n\n\n\n<p>REP. DA FAZENDA: &#8211; ANDR\u00c9 LUIS CARDOSO PIRES<\/p>\n\n\n\n<p>3.<strong>&nbsp;PROCESSO: &#8211; 030\/019.955\/2016 (Espelho 030\/016.503\/2021)<\/strong><\/p>\n\n\n\n<p>PARA O RECURSO DE OF\u00cdCIO <\/p>\n\n\n\n<p>RECORRENTE: &#8211; SECRETARIA MUNICIPAL DE FAZENDA<\/p>\n\n\n\n<p>RECORRIDO: &#8211; CAIXA ECON\u00d4MICA FEDERAL<\/p>\n\n\n\n<p>RELATOR: &#8211; ERMANO TORRES SANTIAGO<\/p>\n\n\n\n<p>REP. DA FAZENDA: &#8211; RAFAEL HENZE PIMENTEL<\/p>\n\n\n\n<p>PARA O RECURSO VOLUNT\u00c1RIO<\/p>\n\n\n\n<p>RECORRENTE: CAIXA ECON\u00d4MICA FEDERAL<\/p>\n\n\n\n<p>RECORRIDO: &#8211; AZENDA P\u00daBLICA MUNICIPAL<\/p>\n\n\n\n<p>RELATOR: &#8211; ERMANO TORRES SANTIAGO<\/p>\n\n\n\n<p>REPRESENTANTE DA FAZENDA:&nbsp; RAFAEL HENZE PIMENTEL<\/p>\n\n\n\n<p>CC, EM 21 DE JANEIRO DE 2022<\/p>\n","protected":false},"excerpt":{"rendered":"<p>PREFEITURA MUNICIPAL DE NITER\u00d3I SECRETARIA MUNICIPAL DE FAZENDA CONSELHO DE CONTRIBUINTES DO MUNIC\u00cdPIO DE NITER\u00d3I \u2013 CC REUNI\u00c3O VIRTUAL PARA JULGAMENTO DE RECURSOS, A SER REALIZADA NO DIA 26 DE [&hellip;]<\/p>\n","protected":false},"author":27,"featured_media":0,"comment_status":"closed","ping_status":"closed","sticky":false,"template":"","format":"standard","meta":{"_et_pb_use_builder":"","_et_pb_old_content":"","_et_gb_content_width":"","_usar_header_alternativo":false,"footnotes":""},"categories":[126,132],"tags":[],"class_list":["post-18719","post","type-post","status-publish","format-standard","hentry","category-ccn","category-pautas","et-doesnt-have-format-content","et_post_format-et-post-format-standard"],"_links":{"self":[{"href":"https:\/\/www.fazenda.niteroi.rj.gov.br\/site\/wp-json\/wp\/v2\/posts\/18719","targetHints":{"allow":["GET"]}}],"collection":[{"href":"https:\/\/www.fazenda.niteroi.rj.gov.br\/site\/wp-json\/wp\/v2\/posts"}],"about":[{"href":"https:\/\/www.fazenda.niteroi.rj.gov.br\/site\/wp-json\/wp\/v2\/types\/post"}],"author":[{"embeddable":true,"href":"https:\/\/www.fazenda.niteroi.rj.gov.br\/site\/wp-json\/wp\/v2\/users\/27"}],"replies":[{"embeddable":true,"href":"https:\/\/www.fazenda.niteroi.rj.gov.br\/site\/wp-json\/wp\/v2\/comments?post=18719"}],"version-history":[{"count":2,"href":"https:\/\/www.fazenda.niteroi.rj.gov.br\/site\/wp-json\/wp\/v2\/posts\/18719\/revisions"}],"predecessor-version":[{"id":18721,"href":"https:\/\/www.fazenda.niteroi.rj.gov.br\/site\/wp-json\/wp\/v2\/posts\/18719\/revisions\/18721"}],"wp:attachment":[{"href":"https:\/\/www.fazenda.niteroi.rj.gov.br\/site\/wp-json\/wp\/v2\/media?parent=18719"}],"wp:term":[{"taxonomy":"category","embeddable":true,"href":"https:\/\/www.fazenda.niteroi.rj.gov.br\/site\/wp-json\/wp\/v2\/categories?post=18719"},{"taxonomy":"post_tag","embeddable":true,"href":"https:\/\/www.fazenda.niteroi.rj.gov.br\/site\/wp-json\/wp\/v2\/tags?post=18719"}],"curies":[{"name":"wp","href":"https:\/\/api.w.org\/{rel}","templated":true}]}}