{"id":18741,"date":"2022-01-27T16:20:32","date_gmt":"2022-01-27T19:20:32","guid":{"rendered":"https:\/\/www.fazenda.niteroi.rj.gov.br\/site\/?p=18741"},"modified":"2022-01-27T16:20:45","modified_gmt":"2022-01-27T19:20:45","slug":"agenda-27-01-2022-quinta-feira","status":"publish","type":"post","link":"https:\/\/www.fazenda.niteroi.rj.gov.br\/site\/agenda-27-01-2022-quinta-feira\/","title":{"rendered":"Agenda 27\/01\/2022 Quinta-Feira"},"content":{"rendered":"\n<p>09h<br>Comit\u00ea de Integridade e Compliance<br>Reuni\u00e3o Virtual<\/p>\n\n\n\n<p>10h30<br>Reuni\u00e3o com os Agentes Fazend\u00e1rios<\/p>\n\n\n\n<p>11h30<br>Despacho com Subs de Contabilidade Sra. Fernanda Rodrigues<br>Pauta: RREO\/RGF<\/p>\n\n\n\n<p>13h30<br>Reuni\u00e3o com Secret\u00e1rio das Culturas Sr. Leonardo Giordano, Presidente da Funda\u00e7\u00e3o de Artes de Niter\u00f3i Sr. Marcos Sabino, Presidente da EMUSA Sr. Paulo C\u00e9sar, Analista de Pol\u00edticas P\u00fablicas Luiz Ot\u00e1vio, Diretor de Controle Interno Sr. Pedro Reys, Subs Institucional Nat\u00e1lia Cardoso, Sra. Chris Fuscaldo \u2013 Niter\u00f3i Livros.<br>Pauta: Reforma Fazenda\/Centro de mem\u00f3ria<br>Videoconfer\u00eancia<\/p>\n\n\n\n<p>14h30<br>Reuni\u00e3o com Secret\u00e1ria de Planejamento, Or\u00e7amento e Gest\u00e3o Ellen Benedetti, Sr, Marcelo Zander, Subs. Or\u00e7amento SEPLAG Sr. Marcelo Bandeira, Subs de Finan\u00e7as Heitor Moreira, Diretor Lucas Paz.<br>Pauta: Riscos Fiscais<\/p>\n\n\n\n<p>16h<br>Gabinete de Crise<\/p>\n\n\n\n<p>17h30<br>Live<\/p>\n","protected":false},"excerpt":{"rendered":"<p>09hComit\u00ea de Integridade e ComplianceReuni\u00e3o Virtual 10h30Reuni\u00e3o com os Agentes Fazend\u00e1rios 11h30Despacho com Subs de Contabilidade Sra. Fernanda RodriguesPauta: RREO\/RGF 13h30Reuni\u00e3o com Secret\u00e1rio das Culturas Sr. Leonardo Giordano, Presidente da [&hellip;]<\/p>\n","protected":false},"author":20,"featured_media":0,"comment_status":"closed","ping_status":"closed","sticky":false,"template":"","format":"standard","meta":{"_et_pb_use_builder":"","_et_pb_old_content":"","_et_gb_content_width":"","_usar_header_alternativo":false,"footnotes":""},"categories":[394],"tags":[397,452],"class_list":["post-18741","post","type-post","status-publish","format-standard","hentry","category-agenda","tag-agenda-da-secretaria","tag-transparencia","et-doesnt-have-format-content","et_post_format-et-post-format-standard"],"_links":{"self":[{"href":"https:\/\/www.fazenda.niteroi.rj.gov.br\/site\/wp-json\/wp\/v2\/posts\/18741","targetHints":{"allow":["GET"]}}],"collection":[{"href":"https:\/\/www.fazenda.niteroi.rj.gov.br\/site\/wp-json\/wp\/v2\/posts"}],"about":[{"href":"https:\/\/www.fazenda.niteroi.rj.gov.br\/site\/wp-json\/wp\/v2\/types\/post"}],"author":[{"embeddable":true,"href":"https:\/\/www.fazenda.niteroi.rj.gov.br\/site\/wp-json\/wp\/v2\/users\/20"}],"replies":[{"embeddable":true,"href":"https:\/\/www.fazenda.niteroi.rj.gov.br\/site\/wp-json\/wp\/v2\/comments?post=18741"}],"version-history":[{"count":1,"href":"https:\/\/www.fazenda.niteroi.rj.gov.br\/site\/wp-json\/wp\/v2\/posts\/18741\/revisions"}],"predecessor-version":[{"id":18742,"href":"https:\/\/www.fazenda.niteroi.rj.gov.br\/site\/wp-json\/wp\/v2\/posts\/18741\/revisions\/18742"}],"wp:attachment":[{"href":"https:\/\/www.fazenda.niteroi.rj.gov.br\/site\/wp-json\/wp\/v2\/media?parent=18741"}],"wp:term":[{"taxonomy":"category","embeddable":true,"href":"https:\/\/www.fazenda.niteroi.rj.gov.br\/site\/wp-json\/wp\/v2\/categories?post=18741"},{"taxonomy":"post_tag","embeddable":true,"href":"https:\/\/www.fazenda.niteroi.rj.gov.br\/site\/wp-json\/wp\/v2\/tags?post=18741"}],"curies":[{"name":"wp","href":"https:\/\/api.w.org\/{rel}","templated":true}]}}