{"id":18844,"date":"2022-02-07T16:45:58","date_gmt":"2022-02-07T19:45:58","guid":{"rendered":"https:\/\/www.fazenda.niteroi.rj.gov.br\/site\/?p=18844"},"modified":"2022-02-07T16:46:58","modified_gmt":"2022-02-07T19:46:58","slug":"agenda-01-02-2022-terca-feira","status":"publish","type":"post","link":"https:\/\/www.fazenda.niteroi.rj.gov.br\/site\/agenda-01-02-2022-terca-feira\/","title":{"rendered":"Agenda 01\/02\/2022 | ter\u00e7a-feira"},"content":{"rendered":"\n<p><\/p>\n\n\n\n<p>9h<br>Apresenta\u00e7\u00e3o do Plano de Integridade e Compliance da SEPLAG<br>On LINE<\/p>\n\n\n\n<p><\/p>\n\n\n\n<p>9h30<br>Reuni\u00e3o c\/ Subs Finan\u00e7as Sr. Heitor Moreira, subs de Receita Juan Rodrigues e diretor Lucas Paz<br>Reuni\u00e3o sobre apresenta\u00e7\u00e3o da GOVE<br>Local: SMF<\/p>\n\n\n\n<p>11h<br>Reuni\u00e3o com o Comit\u00ea de Patrim\u00f4nio Imobili\u00e1riO<br>Local: SMF<\/p>\n\n\n\n<p>13h30<br>Despacho interno com a Diretora de Planejamento &#8211; Dandara Xavier<\/p>\n\n\n\n<p>14h30<br>Lan\u00e7amento da primeira etapa da \u201cPlataforma FGV Munic\u00edpios\u201d<br>On LINE<\/p>\n\n\n\n<p>16h<br>Mediadora do Primeiro Encontro dos Conselheiros Municipais de Niter\u00f3i<br>On LINE<\/p>\n","protected":false},"excerpt":{"rendered":"<p>9hApresenta\u00e7\u00e3o do Plano de Integridade e Compliance da SEPLAGOn LINE 9h30Reuni\u00e3o c\/ Subs Finan\u00e7as Sr. Heitor Moreira, subs de Receita Juan Rodrigues e diretor Lucas PazReuni\u00e3o sobre apresenta\u00e7\u00e3o da GOVELocal: [&hellip;]<\/p>\n","protected":false},"author":18,"featured_media":0,"comment_status":"closed","ping_status":"closed","sticky":false,"template":"","format":"standard","meta":{"_et_pb_use_builder":"","_et_pb_old_content":"","_et_gb_content_width":"","_usar_header_alternativo":false,"footnotes":""},"categories":[394],"tags":[],"class_list":["post-18844","post","type-post","status-publish","format-standard","hentry","category-agenda","et-doesnt-have-format-content","et_post_format-et-post-format-standard"],"_links":{"self":[{"href":"https:\/\/www.fazenda.niteroi.rj.gov.br\/site\/wp-json\/wp\/v2\/posts\/18844","targetHints":{"allow":["GET"]}}],"collection":[{"href":"https:\/\/www.fazenda.niteroi.rj.gov.br\/site\/wp-json\/wp\/v2\/posts"}],"about":[{"href":"https:\/\/www.fazenda.niteroi.rj.gov.br\/site\/wp-json\/wp\/v2\/types\/post"}],"author":[{"embeddable":true,"href":"https:\/\/www.fazenda.niteroi.rj.gov.br\/site\/wp-json\/wp\/v2\/users\/18"}],"replies":[{"embeddable":true,"href":"https:\/\/www.fazenda.niteroi.rj.gov.br\/site\/wp-json\/wp\/v2\/comments?post=18844"}],"version-history":[{"count":1,"href":"https:\/\/www.fazenda.niteroi.rj.gov.br\/site\/wp-json\/wp\/v2\/posts\/18844\/revisions"}],"predecessor-version":[{"id":18845,"href":"https:\/\/www.fazenda.niteroi.rj.gov.br\/site\/wp-json\/wp\/v2\/posts\/18844\/revisions\/18845"}],"wp:attachment":[{"href":"https:\/\/www.fazenda.niteroi.rj.gov.br\/site\/wp-json\/wp\/v2\/media?parent=18844"}],"wp:term":[{"taxonomy":"category","embeddable":true,"href":"https:\/\/www.fazenda.niteroi.rj.gov.br\/site\/wp-json\/wp\/v2\/categories?post=18844"},{"taxonomy":"post_tag","embeddable":true,"href":"https:\/\/www.fazenda.niteroi.rj.gov.br\/site\/wp-json\/wp\/v2\/tags?post=18844"}],"curies":[{"name":"wp","href":"https:\/\/api.w.org\/{rel}","templated":true}]}}