{"id":18893,"date":"2022-02-14T12:44:20","date_gmt":"2022-02-14T15:44:20","guid":{"rendered":"https:\/\/www.fazenda.niteroi.rj.gov.br\/site\/?p=18893"},"modified":"2022-02-14T13:58:33","modified_gmt":"2022-02-14T16:58:33","slug":"agenda-14-02-2022-segunda-feira","status":"publish","type":"post","link":"https:\/\/www.fazenda.niteroi.rj.gov.br\/site\/agenda-14-02-2022-segunda-feira\/","title":{"rendered":"Agenda 14\/02\/2022 | Segunda-feira"},"content":{"rendered":"\n<hr class=\"wp-block-separator has-text-color has-background has-white-background-color has-white-color\"\/>\n\n\n\n<p>10h30<br>Reuni\u00e3o com a Subs. de Contabilidade &#8211; Sra. Fernanda Rodrigues, Subs de Finan\u00e7as &#8211; Sr. Heitor Moreira e Diretor de Contabilidade &#8211; Sr. Thiago Resende<br>Pauta: Planejamento Presta\u00e7\u00e3o de Contas<br>Videoconfer\u00eancia<\/p>\n\n\n\n<p><\/p>\n\n\n\n<p>14h<\/p>\n\n\n\n<p>Despacho interno<\/p>\n\n\n\n<p><\/p>\n\n\n\n<p>16h<\/p>\n\n\n\n<p>Despacho interno<\/p>\n","protected":false},"excerpt":{"rendered":"<p>10h30Reuni\u00e3o com a Subs. de Contabilidade &#8211; Sra. Fernanda Rodrigues, Subs de Finan\u00e7as &#8211; Sr. Heitor Moreira e Diretor de Contabilidade &#8211; Sr. Thiago ResendePauta: Planejamento Presta\u00e7\u00e3o de ContasVideoconfer\u00eancia 14h [&hellip;]<\/p>\n","protected":false},"author":18,"featured_media":12299,"comment_status":"closed","ping_status":"closed","sticky":false,"template":"","format":"standard","meta":{"_et_pb_use_builder":"","_et_pb_old_content":"","_et_gb_content_width":"","_usar_header_alternativo":false,"footnotes":""},"categories":[394],"tags":[397,452],"class_list":["post-18893","post","type-post","status-publish","format-standard","has-post-thumbnail","hentry","category-agenda","tag-agenda-da-secretaria","tag-transparencia","et-has-post-format-content","et_post_format-et-post-format-standard"],"_links":{"self":[{"href":"https:\/\/www.fazenda.niteroi.rj.gov.br\/site\/wp-json\/wp\/v2\/posts\/18893","targetHints":{"allow":["GET"]}}],"collection":[{"href":"https:\/\/www.fazenda.niteroi.rj.gov.br\/site\/wp-json\/wp\/v2\/posts"}],"about":[{"href":"https:\/\/www.fazenda.niteroi.rj.gov.br\/site\/wp-json\/wp\/v2\/types\/post"}],"author":[{"embeddable":true,"href":"https:\/\/www.fazenda.niteroi.rj.gov.br\/site\/wp-json\/wp\/v2\/users\/18"}],"replies":[{"embeddable":true,"href":"https:\/\/www.fazenda.niteroi.rj.gov.br\/site\/wp-json\/wp\/v2\/comments?post=18893"}],"version-history":[{"count":3,"href":"https:\/\/www.fazenda.niteroi.rj.gov.br\/site\/wp-json\/wp\/v2\/posts\/18893\/revisions"}],"predecessor-version":[{"id":18897,"href":"https:\/\/www.fazenda.niteroi.rj.gov.br\/site\/wp-json\/wp\/v2\/posts\/18893\/revisions\/18897"}],"wp:featuredmedia":[{"embeddable":true,"href":"https:\/\/www.fazenda.niteroi.rj.gov.br\/site\/wp-json\/wp\/v2\/media\/12299"}],"wp:attachment":[{"href":"https:\/\/www.fazenda.niteroi.rj.gov.br\/site\/wp-json\/wp\/v2\/media?parent=18893"}],"wp:term":[{"taxonomy":"category","embeddable":true,"href":"https:\/\/www.fazenda.niteroi.rj.gov.br\/site\/wp-json\/wp\/v2\/categories?post=18893"},{"taxonomy":"post_tag","embeddable":true,"href":"https:\/\/www.fazenda.niteroi.rj.gov.br\/site\/wp-json\/wp\/v2\/tags?post=18893"}],"curies":[{"name":"wp","href":"https:\/\/api.w.org\/{rel}","templated":true}]}}