{"id":18927,"date":"2022-02-18T09:30:00","date_gmt":"2022-02-18T12:30:00","guid":{"rendered":"https:\/\/www.fazenda.niteroi.rj.gov.br\/site\/?p=18927"},"modified":"2022-02-17T18:23:12","modified_gmt":"2022-02-17T21:23:12","slug":"agenda-18-02-2022-sexta-feira","status":"publish","type":"post","link":"https:\/\/www.fazenda.niteroi.rj.gov.br\/site\/agenda-18-02-2022-sexta-feira\/","title":{"rendered":"AGENDA 18\/02\/2022 SEXTA-FEIRA"},"content":{"rendered":"\n<p>10h<br>Aula Inaugural de Fibra \u00f3tica<br>Local: ACIERJ<\/p>\n\n\n\n<p>11h<br>Reuni\u00e3o com Fiscal de Posturas Sr. Leonardo Antonioli<br>Local: SMF<\/p>\n\n\n\n<p>11h30<br>Audi\u00eancia P\u00fablica LRF<br>CMN\/Videoconfer\u00eancia<\/p>\n\n\n\n<p>14h<br>Inaugura\u00e7\u00e3o da Sala dos Selos<br>Local: Biblioteca Parque de Niter\u00f3i<\/p>\n\n\n\n<p>15h<br>Apresenta\u00e7\u00e3o Rede de Contabilidade<br>Videoconfer\u00eancia<\/p>\n\n\n\n<p>16h<br>Reuni\u00e3o com Sr. Igor Baldez Subsecret\u00e1rio da Secretaria de Desenvolvimento Econ\u00f4mico<br>Apresenta\u00e7\u00e3o Ana Virg\u00ednia<br>Local: SMF<\/p>\n","protected":false},"excerpt":{"rendered":"<p>10hAula Inaugural de Fibra \u00f3ticaLocal: ACIERJ 11hReuni\u00e3o com Fiscal de Posturas Sr. Leonardo AntonioliLocal: SMF 11h30Audi\u00eancia P\u00fablica LRFCMN\/Videoconfer\u00eancia 14hInaugura\u00e7\u00e3o da Sala dos SelosLocal: Biblioteca Parque de Niter\u00f3i 15hApresenta\u00e7\u00e3o Rede de [&hellip;]<\/p>\n","protected":false},"author":20,"featured_media":0,"comment_status":"closed","ping_status":"closed","sticky":false,"template":"","format":"standard","meta":{"_et_pb_use_builder":"","_et_pb_old_content":"","_et_gb_content_width":"","_usar_header_alternativo":false,"footnotes":""},"categories":[394],"tags":[397,452],"class_list":["post-18927","post","type-post","status-publish","format-standard","hentry","category-agenda","tag-agenda-da-secretaria","tag-transparencia","et-doesnt-have-format-content","et_post_format-et-post-format-standard"],"_links":{"self":[{"href":"https:\/\/www.fazenda.niteroi.rj.gov.br\/site\/wp-json\/wp\/v2\/posts\/18927","targetHints":{"allow":["GET"]}}],"collection":[{"href":"https:\/\/www.fazenda.niteroi.rj.gov.br\/site\/wp-json\/wp\/v2\/posts"}],"about":[{"href":"https:\/\/www.fazenda.niteroi.rj.gov.br\/site\/wp-json\/wp\/v2\/types\/post"}],"author":[{"embeddable":true,"href":"https:\/\/www.fazenda.niteroi.rj.gov.br\/site\/wp-json\/wp\/v2\/users\/20"}],"replies":[{"embeddable":true,"href":"https:\/\/www.fazenda.niteroi.rj.gov.br\/site\/wp-json\/wp\/v2\/comments?post=18927"}],"version-history":[{"count":1,"href":"https:\/\/www.fazenda.niteroi.rj.gov.br\/site\/wp-json\/wp\/v2\/posts\/18927\/revisions"}],"predecessor-version":[{"id":18928,"href":"https:\/\/www.fazenda.niteroi.rj.gov.br\/site\/wp-json\/wp\/v2\/posts\/18927\/revisions\/18928"}],"wp:attachment":[{"href":"https:\/\/www.fazenda.niteroi.rj.gov.br\/site\/wp-json\/wp\/v2\/media?parent=18927"}],"wp:term":[{"taxonomy":"category","embeddable":true,"href":"https:\/\/www.fazenda.niteroi.rj.gov.br\/site\/wp-json\/wp\/v2\/categories?post=18927"},{"taxonomy":"post_tag","embeddable":true,"href":"https:\/\/www.fazenda.niteroi.rj.gov.br\/site\/wp-json\/wp\/v2\/tags?post=18927"}],"curies":[{"name":"wp","href":"https:\/\/api.w.org\/{rel}","templated":true}]}}