{"id":19018,"date":"2022-03-07T15:25:12","date_gmt":"2022-03-07T18:25:12","guid":{"rendered":"https:\/\/www.fazenda.niteroi.rj.gov.br\/site\/?p=19018"},"modified":"2022-06-10T16:37:15","modified_gmt":"2022-06-10T19:37:15","slug":"elas-da-smf","status":"publish","type":"post","link":"https:\/\/www.fazenda.niteroi.rj.gov.br\/site\/elas-da-smf\/","title":{"rendered":"Elas da SMF"},"content":{"rendered":"\n<p class=\"has-medium-font-size\">No m\u00eas de mar\u00e7o, a Secretaria de Fazenda dar\u00e1 protagonismo \u00e0s mulheres que est\u00e3o inovando a Administra\u00e7\u00e3o P\u00fablica, por isso a Campanha Elas da SMF tem como tema &#8220;Inova+A\u00e7\u00e3o&#8221;.<\/p>\n\n\n\n<p class=\"has-medium-font-size\">Temos muitas servidoras que se destacam por assumir projetos inovadores. Queremos dar visibilidade a essas servidoras e promover um laborat\u00f3rio de ideias.<\/p>\n\n\n\n<hr class=\"wp-block-separator has-text-color has-background has-white-background-color has-white-color\"\/>\n\n\n\n<p>Confira as sete homenageadas e suas iniciativas inovadoras:<\/p>\n\n\n\n<ul class=\"wp-block-list\"><li>Roberta Pereira, estagi\u00e1ria e estudante de arquivologia, criou uma Tabela de Temporalidade para o descarte de processos na SMF, iniciativa in\u00e9dita na prefeitura de Niter\u00f3i;<\/li><li>Beatriz Christov\u00e3o, assessora de gest\u00e3o de pessoas, desenvolveu um Guia de Feedback e outro de Equidade Racial para orientar melhores pr\u00e1ticas na SMF;<\/li><li>Maria Helena, fiscal de receitas, est\u00e1 \u00e0 frente de dois grandes projetos inovadores na SMF: o atendimento do Plant\u00e3o Fiscal por videochamada e a cria\u00e7\u00e3o do Programa Educa Fisco para orientar e facilitar a vida dos contribuintes;<\/li><li>Bianca Salles, analista de estudos fiscais, atuou no aperfei\u00e7oamento de um software de modelagem matem\u00e1tica introduzido \u00e0 gest\u00e3o do Fundo de Equaliza\u00e7\u00e3o da Receitas de Niter\u00f3i;<\/li><li>L\u00edgia Werneck, diretora de sistemas cont\u00e1beis, realizou ampla pesquisa sobre melhores pr\u00e1ticas de sistemas cont\u00e1beis propondo melhorias que visam aprimorar a fidedignidade das informa\u00e7\u00f5es e maior transpar\u00eancia aos cidad\u00e3os;<\/li><li>Isabella Caldas, fiscal de receitas, atuou na implementa\u00e7\u00e3o de correspond\u00eancias aos contribuintes baseadas na metodologia de ci\u00eancia comportamental de &#8220;Nudge&#8221; &#8211; que busca oferecer melhores t\u00e9cnicas de abordagem atrav\u00e9s da uni\u00e3o entre economia e psicologia;<\/li><li>Danielle Veras, agente fazend\u00e1ria, colaborou com a cria\u00e7\u00e3o do Boletim Panorama, que tem como objetivo sistematizar os dados econ\u00f4micos do munic\u00edpio de Niter\u00f3i e disseminar as informa\u00e7\u00f5es estrat\u00e9gicas para os gestores p\u00fablicos.<\/li><li>informa\u00e7\u00f5es no site: https:\/\/www.fazenda.niteroi.rj.gov.br\/<\/li><\/ul>\n\n\n\n<hr class=\"wp-block-separator has-text-color has-background has-white-background-color has-white-color\"\/>\n\n\n\n<figure class=\"wp-block-image size-medium is-resized\"><a href=\"https:\/\/www.fazenda.niteroi.rj.gov.br\/site\/wp-content\/uploads\/2022\/03\/Todas-Mulheres-historias.jpeg\"><img loading=\"lazy\" decoding=\"async\" src=\"https:\/\/www.fazenda.niteroi.rj.gov.br\/site\/wp-content\/uploads\/2022\/03\/Todas-Mulheres-historias-400x225.jpeg\" alt=\"\" class=\"wp-image-19034\" width=\"959\" height=\"539\" srcset=\"https:\/\/www.fazenda.niteroi.rj.gov.br\/site\/wp-content\/uploads\/2022\/03\/Todas-Mulheres-historias-400x225.jpeg 400w, https:\/\/www.fazenda.niteroi.rj.gov.br\/site\/wp-content\/uploads\/2022\/03\/Todas-Mulheres-historias-600x338.jpeg 600w, https:\/\/www.fazenda.niteroi.rj.gov.br\/site\/wp-content\/uploads\/2022\/03\/Todas-Mulheres-historias-768x432.jpeg 768w, https:\/\/www.fazenda.niteroi.rj.gov.br\/site\/wp-content\/uploads\/2022\/03\/Todas-Mulheres-historias-1080x608.jpeg 1080w, https:\/\/www.fazenda.niteroi.rj.gov.br\/site\/wp-content\/uploads\/2022\/03\/Todas-Mulheres-historias.jpeg 1280w\" sizes=\"auto, (max-width: 959px) 100vw, 959px\" \/><\/a><\/figure>\n\n\n\n<hr class=\"wp-block-separator has-text-color has-background has-white-background-color has-white-color\"\/>\n\n\n\n<blockquote class=\"wp-block-quote has-text-align-center has-medium-font-size is-layout-flow wp-block-quote-is-layout-flow\"><p>&#8220;Com esses projetos &#8211; que s\u00e3o realizados a muitas m\u00e3os &#8211; a cidade caminha para uma maior maturidade institucional e Niter\u00f3i s\u00f3 tem a ganhar.&#8221;<\/p><cite>Marilia Ortiz, secret\u00e1ria de Fazenda de Niter\u00f3i<\/cite><\/blockquote>\n\n\n\n<hr class=\"wp-block-separator has-text-color has-background has-white-background-color has-white-color\"\/>\n\n\n\n<hr class=\"wp-block-separator has-text-color has-background has-white-background-color has-white-color\"\/>\n\n\n\n<h2 class=\"wp-block-heading\">Live | Gest\u00e3o P\u00fablica tamb\u00e9m \u00e9 lugar de Mulher<\/h2>\n\n\n\n<p>Na segunda-feira (07) \u00e0s 10h, a live &#8220;Gest\u00e3o p\u00fablica tamb\u00e9m \u00e9 lugar de mulher&#8221; debateu a import\u00e2ncia da mulher na posi\u00e7\u00e3o de lideran\u00e7a para o fortalecimento de pol\u00edticas de g\u00eanero. A roda de conversa contou com a presen\u00e7a da secret\u00e1ria de Fazenda de Niter\u00f3i Mar\u00edlia Ortiz, da coordenadora de Pol\u00edticas e Direitos das Mulheres de Niter\u00f3i, Fernanda Sixel, da secret\u00e1ria de Planejamento, Moderniza\u00e7\u00e3o e Or\u00e7amento de Niter\u00f3i, Ellen Benedetti e da secret\u00e1ria da Mulher do Rio de Janeiro, Joyce Trindade. A media\u00e7\u00e3o foi realizada pela Diretora da Escola de Governo e Gest\u00e3o de Niter\u00f3i, Isabela de Jesus. A live estt\u00e1 dispon\u00edvel no canal do Youtube da Secretaria de Fazenda de Niter\u00f3i. Acesse pelo link abaixo:<\/p>\n\n\n\n<hr class=\"wp-block-separator has-text-color has-background has-white-background-color has-white-color\"\/>\n\n\n\n<figure class=\"wp-block-embed is-type-video is-provider-youtube wp-block-embed-youtube wp-embed-aspect-4-3 wp-has-aspect-ratio\"><div class=\"wp-block-embed__wrapper\">\n<iframe loading=\"lazy\" title=\"LIVE | A Gest\u00e3o P\u00fablica tamb\u00e9m \u00e9 lugar de mulher\" width=\"1080\" height=\"810\" src=\"https:\/\/www.youtube.com\/embed\/ZAci2qiIksw?feature=oembed\" frameborder=\"0\" allow=\"accelerometer; autoplay; clipboard-write; encrypted-media; gyroscope; picture-in-picture\" allowfullscreen><\/iframe>\n<\/div><\/figure>\n\n\n\n<hr class=\"wp-block-separator has-text-color has-background has-white-background-color has-white-color\"\/>\n\n\n\n<hr class=\"wp-block-separator has-text-color has-background has-white-background-color has-white-color\"\/>\n\n\n\n<blockquote class=\"wp-block-quote has-text-align-center has-medium-font-size is-layout-flow wp-block-quote-is-layout-flow\"><p>\u201cCada vez mais fica percept\u00edvel a import\u00e2ncia das mulheres ocuparem cargos de gest\u00e3o e lideran\u00e7a. Na gest\u00e3o p\u00fablica, em todas as \u00e1reas de governo, atrav\u00e9s do olhar feminino,&nbsp; essa presen\u00e7a se reflete diretamente na constru\u00e7\u00e3o de pol\u00edticas p\u00fablicas que impactam a vida de todas as mulheres.&#8221;<\/p><cite>&nbsp;Fernanda Sixel, coordenadora de Pol\u00edticas e Direitos das Mulheres de Niter\u00f3i <\/cite><\/blockquote>\n\n\n\n<hr class=\"wp-block-separator has-text-color has-background has-white-background-color has-white-color\"\/>\n\n\n\n<h2 class=\"wp-block-heading\">GALERIA DE FOTOS<\/h2>\n\n\n\n<div class=\"wp-block-columns is-layout-flex wp-container-core-columns-is-layout-1 wp-block-columns-is-layout-flex\">\n<div class=\"wp-block-column is-layout-flow wp-block-column-is-layout-flow\" style=\"flex-basis:100%\">\n<figure class=\"wp-block-gallery has-nested-images columns-default is-cropped wp-block-gallery-1 is-layout-flex wp-block-gallery-is-layout-flex\">\n<figure class=\"wp-block-image size-medium\"><a href=\"https:\/\/www.fazenda.niteroi.rj.gov.br\/site\/wp-content\/uploads\/2022\/03\/Cartaz-01.jpeg\"><img loading=\"lazy\" decoding=\"async\" width=\"212\" height=\"300\" src=\"https:\/\/www.fazenda.niteroi.rj.gov.br\/site\/wp-content\/uploads\/2022\/03\/Cartaz-01-212x300.jpeg\" alt=\"\" class=\"wp-image-19022\" srcset=\"https:\/\/www.fazenda.niteroi.rj.gov.br\/site\/wp-content\/uploads\/2022\/03\/Cartaz-01-212x300.jpeg 212w, https:\/\/www.fazenda.niteroi.rj.gov.br\/site\/wp-content\/uploads\/2022\/03\/Cartaz-01-424x600.jpeg 424w, https:\/\/www.fazenda.niteroi.rj.gov.br\/site\/wp-content\/uploads\/2022\/03\/Cartaz-01-768x1086.jpeg 768w, https:\/\/www.fazenda.niteroi.rj.gov.br\/site\/wp-content\/uploads\/2022\/03\/Cartaz-01.jpeg 905w\" sizes=\"auto, (max-width: 212px) 100vw, 212px\" \/><\/a><\/figure>\n\n\n\n<figure class=\"wp-block-image size-medium\"><a href=\"https:\/\/www.fazenda.niteroi.rj.gov.br\/site\/wp-content\/uploads\/2022\/03\/Cartaz-02.jpeg\"><img loading=\"lazy\" decoding=\"async\" width=\"212\" height=\"300\" src=\"https:\/\/www.fazenda.niteroi.rj.gov.br\/site\/wp-content\/uploads\/2022\/03\/Cartaz-02-212x300.jpeg\" alt=\"\" class=\"wp-image-19023\" srcset=\"https:\/\/www.fazenda.niteroi.rj.gov.br\/site\/wp-content\/uploads\/2022\/03\/Cartaz-02-212x300.jpeg 212w, https:\/\/www.fazenda.niteroi.rj.gov.br\/site\/wp-content\/uploads\/2022\/03\/Cartaz-02-424x600.jpeg 424w, https:\/\/www.fazenda.niteroi.rj.gov.br\/site\/wp-content\/uploads\/2022\/03\/Cartaz-02-768x1086.jpeg 768w, https:\/\/www.fazenda.niteroi.rj.gov.br\/site\/wp-content\/uploads\/2022\/03\/Cartaz-02.jpeg 905w\" sizes=\"auto, (max-width: 212px) 100vw, 212px\" \/><\/a><\/figure>\n\n\n\n<figure class=\"wp-block-image size-medium\"><a href=\"https:\/\/www.fazenda.niteroi.rj.gov.br\/site\/wp-content\/uploads\/2022\/03\/Cartaz-03.jpeg\"><img loading=\"lazy\" decoding=\"async\" width=\"212\" height=\"300\" src=\"https:\/\/www.fazenda.niteroi.rj.gov.br\/site\/wp-content\/uploads\/2022\/03\/Cartaz-03-212x300.jpeg\" alt=\"\" class=\"wp-image-19025\" srcset=\"https:\/\/www.fazenda.niteroi.rj.gov.br\/site\/wp-content\/uploads\/2022\/03\/Cartaz-03-212x300.jpeg 212w, https:\/\/www.fazenda.niteroi.rj.gov.br\/site\/wp-content\/uploads\/2022\/03\/Cartaz-03-424x600.jpeg 424w, https:\/\/www.fazenda.niteroi.rj.gov.br\/site\/wp-content\/uploads\/2022\/03\/Cartaz-03-768x1086.jpeg 768w, https:\/\/www.fazenda.niteroi.rj.gov.br\/site\/wp-content\/uploads\/2022\/03\/Cartaz-03.jpeg 905w\" sizes=\"auto, (max-width: 212px) 100vw, 212px\" \/><\/a><\/figure>\n\n\n\n<figure class=\"wp-block-image size-medium\"><a href=\"https:\/\/www.fazenda.niteroi.rj.gov.br\/site\/wp-content\/uploads\/2022\/03\/Cartaz-04.jpeg\"><img loading=\"lazy\" decoding=\"async\" width=\"212\" height=\"300\" src=\"https:\/\/www.fazenda.niteroi.rj.gov.br\/site\/wp-content\/uploads\/2022\/03\/Cartaz-04-212x300.jpeg\" alt=\"\" class=\"wp-image-19028\" srcset=\"https:\/\/www.fazenda.niteroi.rj.gov.br\/site\/wp-content\/uploads\/2022\/03\/Cartaz-04-212x300.jpeg 212w, https:\/\/www.fazenda.niteroi.rj.gov.br\/site\/wp-content\/uploads\/2022\/03\/Cartaz-04-424x600.jpeg 424w, https:\/\/www.fazenda.niteroi.rj.gov.br\/site\/wp-content\/uploads\/2022\/03\/Cartaz-04-768x1087.jpeg 768w, https:\/\/www.fazenda.niteroi.rj.gov.br\/site\/wp-content\/uploads\/2022\/03\/Cartaz-04.jpeg 904w\" sizes=\"auto, (max-width: 212px) 100vw, 212px\" \/><\/a><\/figure>\n\n\n\n<figure class=\"wp-block-image size-medium\"><a href=\"https:\/\/www.fazenda.niteroi.rj.gov.br\/site\/wp-content\/uploads\/2022\/03\/Cartaz-05.jpeg\"><img loading=\"lazy\" decoding=\"async\" width=\"212\" height=\"300\" src=\"https:\/\/www.fazenda.niteroi.rj.gov.br\/site\/wp-content\/uploads\/2022\/03\/Cartaz-05-212x300.jpeg\" alt=\"\" class=\"wp-image-19024\" srcset=\"https:\/\/www.fazenda.niteroi.rj.gov.br\/site\/wp-content\/uploads\/2022\/03\/Cartaz-05-212x300.jpeg 212w, https:\/\/www.fazenda.niteroi.rj.gov.br\/site\/wp-content\/uploads\/2022\/03\/Cartaz-05-424x600.jpeg 424w, https:\/\/www.fazenda.niteroi.rj.gov.br\/site\/wp-content\/uploads\/2022\/03\/Cartaz-05-768x1087.jpeg 768w, https:\/\/www.fazenda.niteroi.rj.gov.br\/site\/wp-content\/uploads\/2022\/03\/Cartaz-05.jpeg 904w\" sizes=\"auto, (max-width: 212px) 100vw, 212px\" \/><\/a><\/figure>\n\n\n\n<figure class=\"wp-block-image size-medium\"><a href=\"https:\/\/www.fazenda.niteroi.rj.gov.br\/site\/wp-content\/uploads\/2022\/03\/Cartaz-06.jpeg\"><img loading=\"lazy\" decoding=\"async\" width=\"212\" height=\"300\" src=\"https:\/\/www.fazenda.niteroi.rj.gov.br\/site\/wp-content\/uploads\/2022\/03\/Cartaz-06-212x300.jpeg\" alt=\"\" class=\"wp-image-19026\" srcset=\"https:\/\/www.fazenda.niteroi.rj.gov.br\/site\/wp-content\/uploads\/2022\/03\/Cartaz-06-212x300.jpeg 212w, https:\/\/www.fazenda.niteroi.rj.gov.br\/site\/wp-content\/uploads\/2022\/03\/Cartaz-06-424x600.jpeg 424w, https:\/\/www.fazenda.niteroi.rj.gov.br\/site\/wp-content\/uploads\/2022\/03\/Cartaz-06-768x1086.jpeg 768w, https:\/\/www.fazenda.niteroi.rj.gov.br\/site\/wp-content\/uploads\/2022\/03\/Cartaz-06.jpeg 905w\" sizes=\"auto, (max-width: 212px) 100vw, 212px\" \/><\/a><\/figure>\n\n\n\n<figure class=\"wp-block-image size-medium\"><a href=\"https:\/\/www.fazenda.niteroi.rj.gov.br\/site\/wp-content\/uploads\/2022\/03\/Cartaz-07.jpeg\"><img loading=\"lazy\" decoding=\"async\" width=\"212\" height=\"300\" src=\"https:\/\/www.fazenda.niteroi.rj.gov.br\/site\/wp-content\/uploads\/2022\/03\/Cartaz-07-212x300.jpeg\" alt=\"\" class=\"wp-image-19027\" srcset=\"https:\/\/www.fazenda.niteroi.rj.gov.br\/site\/wp-content\/uploads\/2022\/03\/Cartaz-07-212x300.jpeg 212w, https:\/\/www.fazenda.niteroi.rj.gov.br\/site\/wp-content\/uploads\/2022\/03\/Cartaz-07-424x600.jpeg 424w, https:\/\/www.fazenda.niteroi.rj.gov.br\/site\/wp-content\/uploads\/2022\/03\/Cartaz-07-768x1086.jpeg 768w, https:\/\/www.fazenda.niteroi.rj.gov.br\/site\/wp-content\/uploads\/2022\/03\/Cartaz-07.jpeg 905w\" sizes=\"auto, (max-width: 212px) 100vw, 212px\" \/><\/a><\/figure>\n<\/figure>\n<\/div>\n<\/div>\n","protected":false},"excerpt":{"rendered":"<p>No m\u00eas de mar\u00e7o, a Secretaria de Fazenda dar\u00e1 protagonismo \u00e0s mulheres que est\u00e3o inovando a Administra\u00e7\u00e3o P\u00fablica, por isso a Campanha Elas da SMF tem como tema &#8220;Inova+A\u00e7\u00e3o&#8221;. Temos [&hellip;]<\/p>\n","protected":false},"author":18,"featured_media":19020,"comment_status":"closed","ping_status":"closed","sticky":false,"template":"","format":"standard","meta":{"_et_pb_use_builder":"","_et_pb_old_content":"","_et_gb_content_width":"","_usar_header_alternativo":false,"footnotes":""},"categories":[10],"tags":[472,471,473],"class_list":["post-19018","post","type-post","status-publish","format-standard","has-post-thumbnail","hentry","category-noticias","tag-dia-internacional-da-mulher","tag-elas-da-smf","tag-mes-da-mulher","et-has-post-format-content","et_post_format-et-post-format-standard"],"_links":{"self":[{"href":"https:\/\/www.fazenda.niteroi.rj.gov.br\/site\/wp-json\/wp\/v2\/posts\/19018","targetHints":{"allow":["GET"]}}],"collection":[{"href":"https:\/\/www.fazenda.niteroi.rj.gov.br\/site\/wp-json\/wp\/v2\/posts"}],"about":[{"href":"https:\/\/www.fazenda.niteroi.rj.gov.br\/site\/wp-json\/wp\/v2\/types\/post"}],"author":[{"embeddable":true,"href":"https:\/\/www.fazenda.niteroi.rj.gov.br\/site\/wp-json\/wp\/v2\/users\/18"}],"replies":[{"embeddable":true,"href":"https:\/\/www.fazenda.niteroi.rj.gov.br\/site\/wp-json\/wp\/v2\/comments?post=19018"}],"version-history":[{"count":4,"href":"https:\/\/www.fazenda.niteroi.rj.gov.br\/site\/wp-json\/wp\/v2\/posts\/19018\/revisions"}],"predecessor-version":[{"id":19035,"href":"https:\/\/www.fazenda.niteroi.rj.gov.br\/site\/wp-json\/wp\/v2\/posts\/19018\/revisions\/19035"}],"wp:featuredmedia":[{"embeddable":true,"href":"https:\/\/www.fazenda.niteroi.rj.gov.br\/site\/wp-json\/wp\/v2\/media\/19020"}],"wp:attachment":[{"href":"https:\/\/www.fazenda.niteroi.rj.gov.br\/site\/wp-json\/wp\/v2\/media?parent=19018"}],"wp:term":[{"taxonomy":"category","embeddable":true,"href":"https:\/\/www.fazenda.niteroi.rj.gov.br\/site\/wp-json\/wp\/v2\/categories?post=19018"},{"taxonomy":"post_tag","embeddable":true,"href":"https:\/\/www.fazenda.niteroi.rj.gov.br\/site\/wp-json\/wp\/v2\/tags?post=19018"}],"curies":[{"name":"wp","href":"https:\/\/api.w.org\/{rel}","templated":true}]}}