{"id":19160,"date":"2022-03-24T15:00:50","date_gmt":"2022-03-24T18:00:50","guid":{"rendered":"https:\/\/www.fazenda.niteroi.rj.gov.br\/site\/?p=19160"},"modified":"2022-03-24T15:28:38","modified_gmt":"2022-03-24T18:28:38","slug":"niteroi-e-destaque-em-congresso-nacional-sobre-gestao-publica-em-brasilia","status":"publish","type":"post","link":"https:\/\/www.fazenda.niteroi.rj.gov.br\/site\/niteroi-e-destaque-em-congresso-nacional-sobre-gestao-publica-em-brasilia\/","title":{"rendered":"Niter\u00f3i \u00e9 destaque em congresso nacional sobre gest\u00e3o p\u00fablica em Bras\u00edlia"},"content":{"rendered":"\n<h4 class=\"wp-block-heading\"><em>Planejamento e Fazenda apresentam experi\u00eancias, respectivamente, em gest\u00e3o de dados para pol\u00edticas p\u00fablicas mais eficientes e administra\u00e7\u00e3o de Fundo Soberano<\/em><\/h4>\n\n\n\n<p>A Prefeitura de Niter\u00f3i teve participa\u00e7\u00e3o marcante no XI Congresso de Gest\u00e3o P\u00fablica do Consad (Conselho Nacional de Secret\u00e1rios de Estado da Administra\u00e7\u00e3o), em Bras\u00edlia. O evento reuniu, em tr\u00eas dias, gestores de todo o pa\u00eds para discuss\u00f5es e debates sobre temas ligados \u00e0 administra\u00e7\u00e3o p\u00fablica. A secret\u00e1ria de Planejamento, Or\u00e7amento e Moderniza\u00e7\u00e3o da Gest\u00e3o de Niter\u00f3i, Ellen Benedetti, apresentou o painel \u201cGest\u00e3o de dados para uma pol\u00edtica orientada a resultados: a estrat\u00e9gia de Niter\u00f3i\u201d. J\u00e1 a secret\u00e1ria municipal de Fazenda, Mar\u00edlia Ortiz, fez uma exposi\u00e7\u00e3o no painel \u201cF\u00f3rum de Fundos Soberanos Brasileiros: Arena de Fortalecimento de Governan\u00e7a e Difus\u00e3o de Boas Pr\u00e1ticas\u201d.<\/p>\n\n\n\n<p>A secret\u00e1ria de Planejamento, Ellen Benedetti, destacou que o munic\u00edpio de Niter\u00f3i tem uma pol\u00edtica de gest\u00e3o da informa\u00e7\u00e3o com o objetivo de tornar a cidade cada vez mais inclusiva e inteligente. Ellen lembrou que, desde 2013, Niter\u00f3i possui uma estrat\u00e9gia de planejamento e gest\u00e3o orientada para resultados, que tem como base um plano de longo prazo \u2013 o \u201cNiter\u00f3i Que Queremos\u201d \u2013 que orienta a defini\u00e7\u00e3o das a\u00e7\u00f5es de m\u00e9dio e curto prazo. A secret\u00e1ria de Planejamento enfatizou que, diante da demanda cada vez maior de gerir informa\u00e7\u00f5es e avaliar as pol\u00edticas p\u00fablicas, \u00e9 imprescind\u00edvel a consolida\u00e7\u00e3o de uma pol\u00edtica de gest\u00e3o dos dados.<\/p>\n\n\n\n<p>\u201cA boa gest\u00e3o da informa\u00e7\u00e3o \u00e9 fundamental para a melhoria das pol\u00edticas p\u00fablicas, pois permite monitorar seus resultados e apontar se o caminho percorrido est\u00e1 correto. A experi\u00eancia apresentada pela Secretaria de Planejamento de Niter\u00f3i no congresso do Consad demonstrou o processo hist\u00f3rico de constru\u00e7\u00e3o de uma agenda de gest\u00e3o para resultados baseada em evid\u00eancias e os instrumentos que estamos instituindo no \u00e2mbito do Sistema de Avalia\u00e7\u00e3o e Gest\u00e3o da Informa\u00e7\u00e3o para uma gest\u00e3o cada vez mais eficiente e transparente\u201d, explicou Ellen Benedetti\u201d, que apresentou o painel com Severine Macedo, subsecret\u00e1ria de Avalia\u00e7\u00e3o e Gest\u00e3o da Informa\u00e7\u00e3o de Pol\u00edticas P\u00fablicas.<\/p>\n\n\n\n<p>O painel sobre Fundos Soberanos compartilhou as especificidades e as experi\u00eancias dos munic\u00edpios de Niter\u00f3i, Maric\u00e1, Ilhabela (SP), e do estado do Esp\u00edrito Santo. Foi apresentado o conceito do <strong>F\u00f3rum de Fundos Soberanos Brasileiros<\/strong>, uma iniciativa que visa o desenvolvimento de boas pr\u00e1ticas na gest\u00e3o de seus recursos, a partir de estudos e de pesquisas sobre legisla\u00e7\u00e3o e estrutura de governan\u00e7a. O F\u00f3rum tamb\u00e9m re\u00fane a Universidade Federal Fluminense (UFF) e o Jain Family Institute, dos Estados Unidos. O objetivo \u00e9 estabelecer condi\u00e7\u00f5es seguras e respons\u00e1veis para que estados e munic\u00edpios apliquem os recursos de forma adequada e gerem retorno \u00e0 sociedade.<\/p>\n\n\n\n<p>De acordo com a secret\u00e1ria de Fazenda de Niter\u00f3i, Mar\u00edlia Ortiz, dois trabalhos de Minas Gerais que fizeram parte do painel ampliaram a troca de experi\u00eancias. \u201cOs servidores do governo de Minas Gerais demonstraram interesse em conhecer mais sobre a gest\u00e3o financeira dos fundos soberanos formados por royalties do Petr\u00f3leo e levar essa proposta aos munic\u00edpios mineiros que recebem royalties de min\u00e9rio por meio da CFEM (Compensa\u00e7\u00e3o Financeira pela Explora\u00e7\u00e3o Mineral). Foi uma excelente troca de experi\u00eancias e propostas de desenvolvimento do F\u00f3rum com mais munic\u00edpios&#8221;, argumentou Mar\u00edlia Ortiz.<\/p>\n\n\n\n<p>Profissionais da Secretaria de Planejamento de Niter\u00f3i apresentaram mais tr\u00eas pain\u00e9is no congresso do Consad: \u201cA experi\u00eancia de Governo Digital em Niter\u00f3i\u201d, por Enzo Tessarolo, subsecret\u00e1rio de Moderniza\u00e7\u00e3o da Gest\u00e3o; \u201cIntera\u00e7\u00e3o com o usu\u00e1rio e o direito ao acesso \u00e0s informa\u00e7\u00f5es p\u00fablicas: o caso do Portal da Transpar\u00eancia de Niter\u00f3i\u201d, por Nicole Figlioli, coordenadora de Transpar\u00eancia; e \u201cCompet\u00eancias e gest\u00e3o na Administra\u00e7\u00e3o P\u00fablica Municipal &#8211; Forma\u00e7\u00e3o para o futuro de Niter\u00f3i\u201d, por Isabela de Jesus, diretora da Escola de Governo e Gest\u00e3o de Niter\u00f3i (EGG).<\/p>\n","protected":false},"excerpt":{"rendered":"<p>Planejamento e Fazenda apresentam experi\u00eancias, respectivamente, em gest\u00e3o de dados para pol\u00edticas p\u00fablicas mais eficientes e administra\u00e7\u00e3o de Fundo Soberano A Prefeitura de Niter\u00f3i teve participa\u00e7\u00e3o marcante no XI Congresso [&hellip;]<\/p>\n","protected":false},"author":18,"featured_media":19161,"comment_status":"closed","ping_status":"closed","sticky":false,"template":"","format":"standard","meta":{"_et_pb_use_builder":"","_et_pb_old_content":"","_et_gb_content_width":"","_usar_header_alternativo":false,"footnotes":""},"categories":[10],"tags":[591,438],"class_list":["post-19160","post","type-post","status-publish","format-standard","has-post-thumbnail","hentry","category-noticias","tag-consad","tag-poupanca-dos-royalties","et-has-post-format-content","et_post_format-et-post-format-standard"],"_links":{"self":[{"href":"https:\/\/www.fazenda.niteroi.rj.gov.br\/site\/wp-json\/wp\/v2\/posts\/19160","targetHints":{"allow":["GET"]}}],"collection":[{"href":"https:\/\/www.fazenda.niteroi.rj.gov.br\/site\/wp-json\/wp\/v2\/posts"}],"about":[{"href":"https:\/\/www.fazenda.niteroi.rj.gov.br\/site\/wp-json\/wp\/v2\/types\/post"}],"author":[{"embeddable":true,"href":"https:\/\/www.fazenda.niteroi.rj.gov.br\/site\/wp-json\/wp\/v2\/users\/18"}],"replies":[{"embeddable":true,"href":"https:\/\/www.fazenda.niteroi.rj.gov.br\/site\/wp-json\/wp\/v2\/comments?post=19160"}],"version-history":[{"count":2,"href":"https:\/\/www.fazenda.niteroi.rj.gov.br\/site\/wp-json\/wp\/v2\/posts\/19160\/revisions"}],"predecessor-version":[{"id":19164,"href":"https:\/\/www.fazenda.niteroi.rj.gov.br\/site\/wp-json\/wp\/v2\/posts\/19160\/revisions\/19164"}],"wp:featuredmedia":[{"embeddable":true,"href":"https:\/\/www.fazenda.niteroi.rj.gov.br\/site\/wp-json\/wp\/v2\/media\/19161"}],"wp:attachment":[{"href":"https:\/\/www.fazenda.niteroi.rj.gov.br\/site\/wp-json\/wp\/v2\/media?parent=19160"}],"wp:term":[{"taxonomy":"category","embeddable":true,"href":"https:\/\/www.fazenda.niteroi.rj.gov.br\/site\/wp-json\/wp\/v2\/categories?post=19160"},{"taxonomy":"post_tag","embeddable":true,"href":"https:\/\/www.fazenda.niteroi.rj.gov.br\/site\/wp-json\/wp\/v2\/tags?post=19160"}],"curies":[{"name":"wp","href":"https:\/\/api.w.org\/{rel}","templated":true}]}}