{"id":19176,"date":"2022-03-28T16:58:57","date_gmt":"2022-03-28T19:58:57","guid":{"rendered":"https:\/\/www.fazenda.niteroi.rj.gov.br\/site\/?p=19176"},"modified":"2022-03-29T09:03:09","modified_gmt":"2022-03-29T12:03:09","slug":"pauta-de-julgamento-para-o-dia-30-03-2022","status":"publish","type":"post","link":"https:\/\/www.fazenda.niteroi.rj.gov.br\/site\/pauta-de-julgamento-para-o-dia-30-03-2022\/","title":{"rendered":"PAUTA DE JULGAMENTO PARA O DIA 30\/03\/2022"},"content":{"rendered":"\n<p><strong>PREFEITURA MUNICIPAL DE NITER\u00d3I<\/strong><\/p>\n\n\n\n<p><strong><u>CONSELHO DE CONTRIBUINTES DO MUNIC\u00cdPIO DE NITER\u00d3I \u2013 CC<\/u><\/strong><\/p>\n\n\n\n<p><strong>REUNI\u00c3O PARA JULGAMENTOS DE RECURSOS, A SER REALIZADA NO <u>DIA <\/u><\/strong><strong><u>30 DE MAR<\/u><\/strong><strong><u>\u00c7<\/u><\/strong><strong><u>O<\/u><\/strong><strong><u> DE 2022<\/u><\/strong><strong>, COM <u>IN\u00cdCIO \u00c0S 10:00<\/u>,<\/strong><\/p>\n\n\n\n<p><strong><u>Pauta de Julgamentos<\/u><\/strong><\/p>\n\n\n\n<p><strong>(Art. 15, \u00a7 3\u00ba, da Lei n\u00ba 2.228\/2005 e Art. 76 do Decreto n\u00ba 9.735\/2005 e Art. 4\u00ba da Resolu\u00e7\u00e3o n\u00ba 01\/2020 do Conselho de Contribuintes do Munic\u00edpio de Niter\u00f3i)<\/strong><\/p>\n\n\n\n<p><strong><u>\u25ba 1.325\u00aa Sess\u00e3o Ordin\u00e1ria:<\/u><\/strong><\/p>\n\n\n\n<ol class=\"pauta wp-block-list\"><li><strong>PROCESSO: 030\/001967\/2021<\/strong>\n    <ul>\n        <li>RECORRENTE: &#8211; EMPRESA BRASILEIRA DE REPAROS NAVAIS S.A RENAVE<\/li>\n        <li>RECORRIDO: &#8211; FAZENDA P\u00daBLICA MUNICIPAL<\/li>\n        <li>REP. DA FAZENDA: &#8211; ANDR\u00c9 LU\u00cdS CARDOSO PIRES<\/li>\n        <li>RELATOR: FRANCISCO DA CUNHA FERREIRA<\/li>\n    <\/ul>\n<\/li><li><strong>PROCESSO: 030\/001968\/2021<\/strong>\n    <ul>\n        <li>RECORRENTE: &#8211; EMPRESA BRASILEIRA DE REPAROS NAVAIS S.A RENAVE<\/li>\n        <li>RECORRIDO: &#8211; FAZENDA P\u00daBLICA MUNICIPAL<\/li>\n        <li>REP. DA FAZENDA: &#8211; ANDR\u00c9 LU\u00cdS CARDOSO PIRES<\/li>\n        <li>RELATOR: FRANCISCO DA CUNHA FERREIRA<\/li>\n    <\/ul>\n<\/li><li><strong>PROCESSO: &#8211; 030\/001970\/2021<\/strong>\n    <ul>\n        <li>RECORRENTE: &#8211; EMPRESA BRASILEIRA DE REPAROS NAVAIS S.A RENAVE<\/li>\n        <li>RECORRIDO: &#8211; FAZENDA P\u00daBLICA MUNICIPAL<\/li>\n        <li>REP. DA FAZENDA: &#8211; ANDR\u00c9 LU\u00cdS CARDOSO PIRES<\/li>\n        <li>RELATOR: FRANCISCO DA CUNHA FERREIRA<\/li>\n    <\/ul>\n<\/li><li><strong>PROCESSO: &#8211; 030\/001975\/2021<\/strong>\n    <ul>\n        <li>RECORRENTE: &#8211; EMPRESA BRASILEIRA DE REPAROS NAVAIS S.A RENAVE<\/li>\n        <li>RECORRIDO: &#8211; FAZENDA P\u00daBLICA MUNICIPAL<\/li>\n        <li>REP. DA FAZENDA: &#8211; ANDR\u00c9 LU\u00cdS CARDOSO PIRES<\/li>\n        <li>RELATOR: FRANCISCO DA CUNHA FERREIRA<\/li>\n    <\/ul>\n<\/li><li><strong>PROCESSO: &#8211; 030\/001976\/2021<\/strong>\n    <ul>\n        <li>RECORRENTE: &#8211; EMPRESA BRASILEIRA DE REPAROS NAVAIS S.A RENAVE<\/li>\n        <li>RECORRIDO: &#8211; FAZENDA P\u00daBLICA MUNICIPAL<\/li>\n        <li>REP. DA FAZENDA: &#8211; ANDR\u00c9 LU\u00cdS CARDOSO PIRES<\/li>\n        <li>RELATOR: FRANCISCO DA CUNHA FERREIRA<\/li>\n    <\/ul>\n<\/li><\/ol>\n\n\n\n<p><\/p>\n\n\n\n<p><strong>\u25ba 1.326\u00aa Sess\u00e3o Ordin\u00e1ria:<\/strong><\/p>\n\n\n\n<ol class=\"pauta wp-block-list\"><li><strong>PROCESSO: 030\/027491\/2019<\/strong>\n    <ul>\n        <li>RECORRENTE: &#8211; OM PARTICIPA\u00c7\u00d5ES SOCIET\u00c1RIA S\/A<\/li>\n        <li>RECORRIDO: &#8211; FAZENDA P\u00daBLICA MUNICIPAL<\/li>\n        <li>REP. DA FAZENDA: &#8211; RAFAEL HENZE PIMENTEL<\/li>\n        <li>RELATOR: EDUARDO SOBRAL TAVARES<\/li>\n    <\/ul>\n<\/li><li><strong>PROCESSO: &#8211; 030\/007918\/2021<\/strong>\n    <ul>\n        <li>RECORRENTE: &#8211; ALEX SANDRO MARTINS<\/li>\n        <li>RECORRIDO: &#8211; FAZENDA P\u00daBLICA MUNICIPAL<\/li>\n        <li>REP. DA FAZENDA: &#8211; RAFAEL HENZE PIMENTEL<\/li>\n        <li>RELATOR: FRANCISCO DA CUNHA FERREIRA<\/li>\n    <\/ul>\n<\/li><\/ol>\n\n\n\n<p><\/p>\n\n\n\n<blockquote class=\"wp-block-quote is-layout-flow wp-block-quote-is-layout-flow\"><p>CC, EM 28 DE MAR\u00c7O DE 2022<\/p><\/blockquote>\n","protected":false},"excerpt":{"rendered":"<p>PREFEITURA MUNICIPAL DE NITER\u00d3I CONSELHO DE CONTRIBUINTES DO MUNIC\u00cdPIO DE NITER\u00d3I \u2013 CC REUNI\u00c3O PARA JULGAMENTOS DE RECURSOS, A SER REALIZADA NO DIA 30 DE MAR\u00c7O DE 2022, COM IN\u00cdCIO [&hellip;]<\/p>\n","protected":false},"author":23,"featured_media":0,"comment_status":"closed","ping_status":"closed","sticky":false,"template":"","format":"standard","meta":{"_et_pb_use_builder":"","_et_pb_old_content":"","_et_gb_content_width":"","_usar_header_alternativo":false,"footnotes":""},"categories":[126,132],"tags":[],"class_list":["post-19176","post","type-post","status-publish","format-standard","hentry","category-ccn","category-pautas","et-doesnt-have-format-content","et_post_format-et-post-format-standard"],"_links":{"self":[{"href":"https:\/\/www.fazenda.niteroi.rj.gov.br\/site\/wp-json\/wp\/v2\/posts\/19176","targetHints":{"allow":["GET"]}}],"collection":[{"href":"https:\/\/www.fazenda.niteroi.rj.gov.br\/site\/wp-json\/wp\/v2\/posts"}],"about":[{"href":"https:\/\/www.fazenda.niteroi.rj.gov.br\/site\/wp-json\/wp\/v2\/types\/post"}],"author":[{"embeddable":true,"href":"https:\/\/www.fazenda.niteroi.rj.gov.br\/site\/wp-json\/wp\/v2\/users\/23"}],"replies":[{"embeddable":true,"href":"https:\/\/www.fazenda.niteroi.rj.gov.br\/site\/wp-json\/wp\/v2\/comments?post=19176"}],"version-history":[{"count":4,"href":"https:\/\/www.fazenda.niteroi.rj.gov.br\/site\/wp-json\/wp\/v2\/posts\/19176\/revisions"}],"predecessor-version":[{"id":19191,"href":"https:\/\/www.fazenda.niteroi.rj.gov.br\/site\/wp-json\/wp\/v2\/posts\/19176\/revisions\/19191"}],"wp:attachment":[{"href":"https:\/\/www.fazenda.niteroi.rj.gov.br\/site\/wp-json\/wp\/v2\/media?parent=19176"}],"wp:term":[{"taxonomy":"category","embeddable":true,"href":"https:\/\/www.fazenda.niteroi.rj.gov.br\/site\/wp-json\/wp\/v2\/categories?post=19176"},{"taxonomy":"post_tag","embeddable":true,"href":"https:\/\/www.fazenda.niteroi.rj.gov.br\/site\/wp-json\/wp\/v2\/tags?post=19176"}],"curies":[{"name":"wp","href":"https:\/\/api.w.org\/{rel}","templated":true}]}}