{"id":19261,"date":"2022-04-05T09:58:31","date_gmt":"2022-04-05T12:58:31","guid":{"rendered":"https:\/\/www.fazenda.niteroi.rj.gov.br\/site\/?p=19261"},"modified":"2022-04-05T09:58:47","modified_gmt":"2022-04-05T12:58:47","slug":"agenda-05-04-2022-terca-feira","status":"publish","type":"post","link":"https:\/\/www.fazenda.niteroi.rj.gov.br\/site\/agenda-05-04-2022-terca-feira\/","title":{"rendered":"Agenda 05\/04\/2022 Ter\u00e7a \u2013 Feira"},"content":{"rendered":"\n<p>09h30<br>Reuni\u00e3o com Subs. de Finan\u00e7as Sr. Heitor Moreira, Subs de Contabilidade Sra. Fernanda Rodrigues.<br>Pauta: Valida\u00e7\u00e3o Balan\u00e7os Presta\u00e7\u00e3o de Contas<br>Local: SMF<\/p>\n\n\n\n<p>11h<br>Reuni\u00e3o com Secret\u00e1rio da SEOP Sr. Paulo Henrique, Subs. da SEOP Sr. Rodrigo Saramago, Subs. de Receita Sr. Juan Rodrigues, Sr. Jo\u00e3o Costa.<br>Pauta: C\u00f3digo de Posturas<br>Local: SMF<\/p>\n\n\n\n<p>14h<br>Reuni\u00e3o com Conselho dos Contribuintes do Estado, Subs. de Receita Sr. Juan Rodrigues, Presidente do Conselho do Contribuintes de Niter\u00f3i Sr. Carlos Mauro, Subs de Moderniza\u00e7\u00e3o<br>Local: SEFAZ<\/p>\n\n\n\n<p>16h<br>Despacho Interno com Pedro Reys<\/p>\n","protected":false},"excerpt":{"rendered":"<p>09h30Reuni\u00e3o com Subs. de Finan\u00e7as Sr. Heitor Moreira, Subs de Contabilidade Sra. Fernanda Rodrigues.Pauta: Valida\u00e7\u00e3o Balan\u00e7os Presta\u00e7\u00e3o de ContasLocal: SMF 11hReuni\u00e3o com Secret\u00e1rio da SEOP Sr. Paulo Henrique, Subs. da [&hellip;]<\/p>\n","protected":false},"author":20,"featured_media":0,"comment_status":"closed","ping_status":"closed","sticky":false,"template":"","format":"standard","meta":{"_et_pb_use_builder":"","_et_pb_old_content":"","_et_gb_content_width":"","_usar_header_alternativo":false,"footnotes":""},"categories":[394],"tags":[397,452],"class_list":["post-19261","post","type-post","status-publish","format-standard","hentry","category-agenda","tag-agenda-da-secretaria","tag-transparencia","et-doesnt-have-format-content","et_post_format-et-post-format-standard"],"_links":{"self":[{"href":"https:\/\/www.fazenda.niteroi.rj.gov.br\/site\/wp-json\/wp\/v2\/posts\/19261","targetHints":{"allow":["GET"]}}],"collection":[{"href":"https:\/\/www.fazenda.niteroi.rj.gov.br\/site\/wp-json\/wp\/v2\/posts"}],"about":[{"href":"https:\/\/www.fazenda.niteroi.rj.gov.br\/site\/wp-json\/wp\/v2\/types\/post"}],"author":[{"embeddable":true,"href":"https:\/\/www.fazenda.niteroi.rj.gov.br\/site\/wp-json\/wp\/v2\/users\/20"}],"replies":[{"embeddable":true,"href":"https:\/\/www.fazenda.niteroi.rj.gov.br\/site\/wp-json\/wp\/v2\/comments?post=19261"}],"version-history":[{"count":1,"href":"https:\/\/www.fazenda.niteroi.rj.gov.br\/site\/wp-json\/wp\/v2\/posts\/19261\/revisions"}],"predecessor-version":[{"id":19262,"href":"https:\/\/www.fazenda.niteroi.rj.gov.br\/site\/wp-json\/wp\/v2\/posts\/19261\/revisions\/19262"}],"wp:attachment":[{"href":"https:\/\/www.fazenda.niteroi.rj.gov.br\/site\/wp-json\/wp\/v2\/media?parent=19261"}],"wp:term":[{"taxonomy":"category","embeddable":true,"href":"https:\/\/www.fazenda.niteroi.rj.gov.br\/site\/wp-json\/wp\/v2\/categories?post=19261"},{"taxonomy":"post_tag","embeddable":true,"href":"https:\/\/www.fazenda.niteroi.rj.gov.br\/site\/wp-json\/wp\/v2\/tags?post=19261"}],"curies":[{"name":"wp","href":"https:\/\/api.w.org\/{rel}","templated":true}]}}